{"id":229,"date":"2011-12-03T23:08:08","date_gmt":"2011-12-03T22:08:08","guid":{"rendered":"http:\/\/fulviocortese.it\/?p=229"},"modified":"2013-06-29T12:50:55","modified_gmt":"2013-06-29T11:50:55","slug":"la-patria-patrizia-cavalli","status":"publish","type":"post","link":"http:\/\/fulviocortese.it\/?p=229","title":{"rendered":"La patria (Patrizia Cavalli)"},"content":{"rendered":"<p><a href=\"http:\/\/www.libreriauniversitaria.it\/patria-cavalli-patrizia-nottetempo\/libro\/9788874522804\"><img loading=\"lazy\" decoding=\"async\" class=\"alignleft\" alt=\"\" src=\"http:\/\/img2.libreriauniversitaria.it\/BIT\/240\/280\/9788874522804.jpg\" width=\"167\" height=\"240\" \/><\/a>Aureo libretto, direbbe qualcuno, forse anche a conferma (o a discolpa?) del fatto che, <em>Per 2 Sole Poesie<\/em>, si pu\u00f2 pensare di spendere legittimamente <em>La Bellezza di 3 Euro<\/em> e di provare contemporaneamente la sensazione, come si suol dire, di aver fatto ci\u00f2 nonostante un affare. Le Edizioni Nottetempo, d\u2019altra parte, tradiscono raramente, e quest\u2019ultima occasione non smentisce la regolarit\u00e0 di una soddisfazione sempre puntuale. <em>La patria<\/em> e <em>L\u2019angelo labiale<\/em>, infatti, sono due piccoli capolavori, due veri <em>sassi<\/em>, come sempre promette la collana cui appartiene anche questo volumetto, due colpi precisi e destinati ad andare a segno veloci.<\/p>\n<p>Che cosa sia la patria, questo \u00e8 l\u2019oggetto della prima lirica. La risposta \u00e8 una poesia pulita e di sapienza, con un tono di ricerca, apparentemente tutta soggettiva, in verit\u00e0 oltremodo oggettiva. E realmente universale, poich\u00e9 tocca interrogativi e sensazioni che sono davvero di noi tutti. Chi \u00e8 che non ambisce, partendo, comunque, solo da se stesso, a conoscere l\u2019identit\u00e0 della propria patria? Chi \u00e8 che non vi attribuisce sembianze apparentemente diverse e contraddittorie? Chi \u00e8 che non si lascia turbare, in questo percorso, dall\u2019incombenza di delusioni sempre imminenti e dalla constatazione che la patria pare assumere una fisionomia tanto fragile? Chi \u00e8, infine, che non <em>sente<\/em> la patria se non a contatto con le esperienze pi\u00f9 semplici, quotidiane ma fondamentali che ci circondano? Possono essere i gesti di chi cerca il nostro riconoscimento, possono essere le vibrazioni del vento, pu\u00f2 essere la foto che il paesaggio ci impone di osservare. Dobbiamo semplicemente metterci in ascolto.<\/p>\n<p>C\u2019\u00e8 qualcosa, nell\u2019intenzione dell\u2019Autrice, di spiccatamente buddista. Al principio lo sguardo \u00e8 quello tipico dell\u2019approccio occidentale e della sua immensa tradizione filosofica: domina la tendenza a proiettare l\u2019uomo e la sua figura su qualunque oggetto, anche sulla patria, a mo\u2019 di personificazione femminile di un\u2019idea, cos\u00ec come lo era la Filosofia, con le sue vesti stracciate, nella celebre opera di Severino Boezio. Tuttavia, nel movimento del pensiero e delle parole che gli danno forma, l\u2019io smarrito e quasi rassegnato della poetessa sembra svuotarsi e cercare il <em>satori<\/em>, il luogo e il momento dell\u2019illuminazione, che viene dalle cose, dalla loro predominanza, dal loro patrimonio di energia positiva. Si pu\u00f2 dire che la seconda lirica svela del tutto questa prospettiva: il silenzio \u00e8 il medium di un\u2019esperienza e di un\u2019onest\u00e0 totali, che rivelano, cos\u00ec, anche una patria diversa e pi\u00f9 intima.<\/p>\n<p>C\u2019\u00e8 qualcosa, poi, in questi versi di Patrizia Cavalli, che ricorda Andrea Zanzotto: per la felice commistione di intuizioni felici e di sentimenti innati, per il radicamento biologico del linguaggio, per l\u2019intrinseco messaggio morale e civile, per la consuetudine con una sensibilit\u00e0 tanto rara e al contempo tanto casalinga. Chiedersi che cosa sia la patria nel 2011, 150\u00b0 anniversario dell\u2019Unit\u00e0, non \u00e8 certo originale; ma chiederselo senza retorica alcuna, nell\u2019anno in cui, per pura casualit\u00e0, \u00e8 scomparso il grande poeta di Pieve di Soligo \u00e8 un\u2019occasione da non perdere.<\/p>\n<p>&nbsp;<\/p>\n<p>Da <em>La patria<\/em>:<\/p>\n<p>Capita a volte<\/p>\n<p>che hai un mezzo pomeriggio in una delle tante<\/p>\n<p>belle citt\u00e0 italiane di provincia.<\/p>\n<p>Vai dove devi andare, non hai voglia<\/p>\n<p>di fare la turista, e anzi scegli<\/p>\n<p>stradine laterali, senza gente;<\/p>\n<p>camminando t\u2019imbatti in uno slargo<\/p>\n<p>con una chiesa, di quelle un po\u2019 neglette,<\/p>\n<p>spesso chiuse; sei gi\u00e0 in ritardo, ma guardi<\/p>\n<p>la facciata che sonnecchia, e subito<\/p>\n<p>i tuoi passi si allentano, si disfano,<\/p>\n<p>si fanno trasognati finch\u00e9 non resti<\/p>\n<p>immobile a chiederti cos\u2019\u00e8<\/p>\n<p>quel denso concentrato di esistenza<\/p>\n<p>sorpresa dentro un tempo che ti assorbe<\/p>\n<p>in una proporzione originaria.<\/p>\n<p>Pi\u00f9 che bellezza: \u00e8 un\u2019appartenenza<\/p>\n<p>Elementare, semplice gi\u00e0 data.<\/p>\n<p>Ah, non toccate niente, non sciupate!<\/p>\n<p>C\u2019\u00e8 la mia patria in quelle pietre, addormentata.<\/p>\n<p>&nbsp;<\/p>\n<p><a title=\"Notizie su (e poesie di) Patrizia Cavalli\" href=\"http:\/\/www.poesia2punto0.com\/tag\/patrizia-cavalli\/\">Notizie su (e poesie di) Patrizia Cavalli<\/a><\/p>\n","protected":false},"excerpt":{"rendered":"<p>Aureo libretto, direbbe qualcuno, forse anche a conferma (o a discolpa?) del fatto che, Per 2 Sole Poesie, si pu\u00f2 pensare di spendere legittimamente La Bellezza di 3 Euro e di provare contemporaneamente la sensazione, come si suol dire, di aver fatto ci\u00f2 nonostante un affare. Le Edizioni Nottetempo, d\u2019altra parte, tradiscono raramente, e quest\u2019ultima <a href='http:\/\/fulviocortese.it\/?p=229'>[&#8230;]<\/a><\/p>\n","protected":false},"author":1,"featured_media":0,"comment_status":"closed","ping_status":"open","sticky":false,"template":"","format":"image","meta":{"footnotes":""},"categories":[8],"tags":[87,89,88,17,90],"class_list":["post-229","post","type-post","status-publish","format-image","hentry","category-poesia","tag-cavalli","tag-illuminazione","tag-patria","tag-poesia-2","tag-zanzotto","post_format-post-format-image","category-8-id","post-seq-1","post-parity-odd","full-content"],"_links":{"self":[{"href":"http:\/\/fulviocortese.it\/index.php?rest_route=\/wp\/v2\/posts\/229","targetHints":{"allow":["GET"]}}],"collection":[{"href":"http:\/\/fulviocortese.it\/index.php?rest_route=\/wp\/v2\/posts"}],"about":[{"href":"http:\/\/fulviocortese.it\/index.php?rest_route=\/wp\/v2\/types\/post"}],"author":[{"embeddable":true,"href":"http:\/\/fulviocortese.it\/index.php?rest_route=\/wp\/v2\/users\/1"}],"replies":[{"embeddable":true,"href":"http:\/\/fulviocortese.it\/index.php?rest_route=%2Fwp%2Fv2%2Fcomments&post=229"}],"version-history":[{"count":2,"href":"http:\/\/fulviocortese.it\/index.php?rest_route=\/wp\/v2\/posts\/229\/revisions"}],"predecessor-version":[{"id":1488,"href":"http:\/\/fulviocortese.it\/index.php?rest_route=\/wp\/v2\/posts\/229\/revisions\/1488"}],"wp:attachment":[{"href":"http:\/\/fulviocortese.it\/index.php?rest_route=%2Fwp%2Fv2%2Fmedia&parent=229"}],"wp:term":[{"taxonomy":"category","embeddable":true,"href":"http:\/\/fulviocortese.it\/index.php?rest_route=%2Fwp%2Fv2%2Fcategories&post=229"},{"taxonomy":"post_tag","embeddable":true,"href":"http:\/\/fulviocortese.it\/index.php?rest_route=%2Fwp%2Fv2%2Ftags&post=229"}],"curies":[{"name":"wp","href":"https:\/\/api.w.org\/{rel}","templated":true}]}}