{"id":2211,"date":"2013-11-24T19:32:45","date_gmt":"2013-11-24T17:32:45","guid":{"rendered":"http:\/\/fulviocortese.it\/?p=2211"},"modified":"2013-11-24T19:32:45","modified_gmt":"2013-11-24T17:32:45","slug":"lenigma-del-monte-dei-cappuccini-maurizio-ternavasio","status":"publish","type":"post","link":"http:\/\/fulviocortese.it\/?p=2211","title":{"rendered":"L\u2019enigma del Monte dei Cappuccini (Maurizio Ternavasio)"},"content":{"rendered":"<p><!--[if gte mso 9]><xml>\n<w:WordDocument>\n<w:View>Normal<\/w:View>\n<w:Zoom>0<\/w:Zoom>\n<w:HyphenationZone>14<\/w:HyphenationZone>\n<w:Compatibility>\n<w:BreakWrappedTables\/>\n<w:SnapToGridInCell\/>\n<w:WrapTextWithPunct\/>\n<w:UseAsianBreakRules\/>\n<\/w:Compatibility>\n<w:BrowserLevel>MicrosoftInternetExplorer4<\/w:BrowserLevel>\n<\/w:WordDocument>\n<\/xml><![endif]--><\/p>\n<p><!--[if gte mso 10]>\n\n\n\n<style>\n \/* Style Definitions *\/\n table.MsoNormalTable\n\t{mso-style-name:\"Tabella normale\";\n\tmso-tstyle-rowband-size:0;\n\tmso-tstyle-colband-size:0;\n\tmso-style-noshow:yes;\n\tmso-style-parent:\"\";\n\tmso-padding-alt:0cm 5.4pt 0cm 5.4pt;\n\tmso-para-margin:0cm;\n\tmso-para-margin-bottom:.0001pt;\n\tmso-pagination:widow-orphan;\n\tfont-size:10.0pt;\n\tfont-family:\"Times New Roman\";}\n<\/style>\n\n<![endif]--><\/p>\n<p class=\"MsoNormal\" style=\"text-align: justify;\"><a href=\"http:\/\/www.arabafenicelibri.it\/scheda-libro\/maurizio-ternavasio\/lenigma-del-monte-dei-cappuccini-9788866171362-136726.html\"><img loading=\"lazy\" decoding=\"async\" class=\"alignleft\" alt=\"\" src=\"http:\/\/media.arabafenicelibri.it\/copertine\/\/araba-fenice\/lenigma-del-monte-dei-cappuccini-136726.jpg\" width=\"102\" height=\"149\" \/><\/a>Un paio di idee simpatiche e lo scenario sempre magico di Torino: questo \u00e8 quanto si pu\u00f2 <i style=\"mso-bidi-font-style: normal;\">salvare<\/i> di un veloce e approssimativo giallo d\u2019atmosfera, che forse non aveva pretesa alcuna anche per il suo stesso Autore. Il filone in cui il libro si inserisce \u2013 sia pur in tono decisamente minore \u2013 \u00e8 lo stesso cui appartengono anche i romanzi di Tallone (v. <a href=\"http:\/\/fulviocortese.it\/?p=851\"><i style=\"mso-bidi-font-style: normal;\">Il fantasma di piazza Statuto<\/i><\/a>). Non c\u2019\u00e8 niente di nuovo, quindi; solo il sincero amore di un giornalista per una citt\u00e0 effettivamente intrigante e per alcuni dei suoi scorci pi\u00f9 suggestivi. \u00c8 una lettura che si presta bene a riempire gli sparsi interstizi inattivi delle giornate pi\u00f9 intense, quando si fa fatica a ritagliarsi tra un impegno e l\u2019altro uno spazio di tempo vero, ma si sente comunque l\u2019esigenza di macinare qualche pagina e di distrarsi. Nulla di pi\u00f9.<span style=\"mso-tab-count: 1;\">\u00a0\u00a0 <\/span><\/p>\n<p class=\"MsoNormal\" style=\"text-align: justify;\">Siamo a Torino, inizio degli anni Ottanta. Un giovane studente universitario inciampa in una misteriosa scatola di legno, che affiora tra le balze del <a href=\"http:\/\/www.comune.torino.it\/canaleturismo\/it\/curiosare\/cappuccini.htm\">Monte dei Cappuccini<\/a>. Lo strano ritrovamento lo porta ad indagare su di un omicidio avvenuto negli anni Cinquanta e rimasto irrisolto. Giuditta Cancian, commessa veneta di umili origini era stata ritrovata morta, strangolata, nella camera che aveva preso in affitto. Scoprire la verit\u00e0 \u00e8 una sfida quasi impossibile, ma un po\u2019 di fortuna e lo zampino di <a href=\"http:\/\/www.gustavorol.org\/\">Gustavo Augusto Rol<\/a> \u2013 il famoso sensitivo, qui pi\u00f9 in forma che mai \u2013 mettono il curioso e scanzonato Matteo sulle tracce dell\u2019assassino. Le sue elucubrazioni si alternano al racconto diretto di ci\u00f2 che era effettivamente accaduto a Giuditta, facendo emergere un intreccio ben pi\u00f9 torbido di quello, quasi scontato, che ad un certo punto si \u00e8 indotti ad immaginare.<\/p>\n<p class=\"MsoNormal\" style=\"text-align: justify;\"><a href=\"http:\/\/www.lastampa.it\/Blogs\/questa-e-la-mia-citta\">Il blog dell&#8217;Autore sul sito de <em>La Stampa<\/em><\/a><\/p>\n","protected":false},"excerpt":{"rendered":"<p>Un paio di idee simpatiche e lo scenario sempre magico di Torino: questo \u00e8 quanto si pu\u00f2 salvare di un veloce e approssimativo giallo d\u2019atmosfera, che forse non aveva pretesa alcuna anche per il suo stesso Autore. Il filone in cui il libro si inserisce \u2013 sia pur in tono decisamente minore \u2013 \u00e8 lo <a href='http:\/\/fulviocortese.it\/?p=2211'>[&#8230;]<\/a><\/p>\n","protected":false},"author":1,"featured_media":0,"comment_status":"closed","ping_status":"open","sticky":false,"template":"","format":"standard","meta":{"footnotes":""},"categories":[1],"tags":[21,323,38,183],"class_list":["post-2211","post","type-post","status-publish","format-standard","hentry","category-biblio","tag-gialli","tag-rol","tag-romanzo","tag-torino","category-1-id","post-seq-1","post-parity-odd","full-content"],"_links":{"self":[{"href":"http:\/\/fulviocortese.it\/index.php?rest_route=\/wp\/v2\/posts\/2211","targetHints":{"allow":["GET"]}}],"collection":[{"href":"http:\/\/fulviocortese.it\/index.php?rest_route=\/wp\/v2\/posts"}],"about":[{"href":"http:\/\/fulviocortese.it\/index.php?rest_route=\/wp\/v2\/types\/post"}],"author":[{"embeddable":true,"href":"http:\/\/fulviocortese.it\/index.php?rest_route=\/wp\/v2\/users\/1"}],"replies":[{"embeddable":true,"href":"http:\/\/fulviocortese.it\/index.php?rest_route=%2Fwp%2Fv2%2Fcomments&post=2211"}],"version-history":[{"count":8,"href":"http:\/\/fulviocortese.it\/index.php?rest_route=\/wp\/v2\/posts\/2211\/revisions"}],"predecessor-version":[{"id":2219,"href":"http:\/\/fulviocortese.it\/index.php?rest_route=\/wp\/v2\/posts\/2211\/revisions\/2219"}],"wp:attachment":[{"href":"http:\/\/fulviocortese.it\/index.php?rest_route=%2Fwp%2Fv2%2Fmedia&parent=2211"}],"wp:term":[{"taxonomy":"category","embeddable":true,"href":"http:\/\/fulviocortese.it\/index.php?rest_route=%2Fwp%2Fv2%2Fcategories&post=2211"},{"taxonomy":"post_tag","embeddable":true,"href":"http:\/\/fulviocortese.it\/index.php?rest_route=%2Fwp%2Fv2%2Ftags&post=2211"}],"curies":[{"name":"wp","href":"https:\/\/api.w.org\/{rel}","templated":true}]}}