{"id":2034,"date":"2013-10-26T18:33:08","date_gmt":"2013-10-26T16:33:08","guid":{"rendered":"http:\/\/fulviocortese.it\/?p=2034"},"modified":"2013-10-28T18:54:56","modified_gmt":"2013-10-28T16:54:56","slug":"lultimo-lappone-olivier-truc","status":"publish","type":"post","link":"http:\/\/fulviocortese.it\/?p=2034","title":{"rendered":"L\u2019ultimo lappone (Olivier Truc)"},"content":{"rendered":"<p><!--[if gte mso 9]><xml>\n<w:WordDocument>\n<w:View>Normal<\/w:View>\n<w:Zoom>0<\/w:Zoom>\n<w:HyphenationZone>14<\/w:HyphenationZone>\n<w:Compatibility>\n<w:BreakWrappedTables\/>\n<w:SnapToGridInCell\/>\n<w:ApplyBreakingRules\/>\n<w:WrapTextWithPunct\/>\n<w:UseAsianBreakRules\/>\n<w:UseFELayout\/>\n<\/w:Compatibility>\n<w:BrowserLevel>MicrosoftInternetExplorer4<\/w:BrowserLevel>\n<\/w:WordDocument>\n<\/xml><![endif]--><\/p>\n<p><!--[if gte mso 10]>\n\n\n\n<style>\n \/* Style Definitions *\/\n table.MsoNormalTable\n\t{mso-style-name:\"Tabella normale\";\n\tmso-tstyle-rowband-size:0;\n\tmso-tstyle-colband-size:0;\n\tmso-style-noshow:yes;\n\tmso-style-parent:\"\";\n\tmso-padding-alt:0cm 5.4pt 0cm 5.4pt;\n\tmso-para-margin:0cm;\n\tmso-para-margin-bottom:.0001pt;\n\tmso-pagination:widow-orphan;\n\tfont-size:10.0pt;\n\tfont-family:\"Times New Roman\";\n\tmso-fareast-font-family:\"Times New Roman\";}\n<\/style>\n\n<![endif]--><\/p>\n<p class=\"MsoNormal\" style=\"text-align: justify; text-justify: inter-ideograph;\"><a href=\"http:\/\/www.marsilioeditori.it\/libri\/scheda-libro\/3171610\/l-ultimo-lappone\"><img loading=\"lazy\" decoding=\"async\" class=\"alignleft\" alt=\"\" src=\"http:\/\/www.marsilioeditori.it\/media\/libri\/3171610.jpg\" width=\"132\" height=\"200\" \/><\/a>I motivi per leggere questo poliziesco possono essere due. Innanzitutto si avvicina l\u2019inverno, e quindi non c\u2019\u00e8 niente di meglio di un romanzo ambientato in luoghi in cui il freddo \u00e8 senz\u2019altro uno dei protagonisti. Oltre a ci\u00f2, non si tratta del solito giallo nordico: la trama \u00e8 intrigante, ma il punto di forza \u00e8 la capacit\u00e0 di incuriosire il lettore sulla storia, sui costumi, sulle condizioni attuali e sulla <a href=\"http:\/\/en.wikipedia.org\/wiki\/S%C3%A1mi_politics\">rappresentanza istituzionale<\/a> della popolazione di etnia Sami, ossia di quelli che noi definiamo come <a href=\"http:\/\/www.treccani.it\/enciclopedia\/lapponi\/\">Lapponi<\/a>. \u00c8 questo antichissimo e misterioso \u201cpopolo delle renne\u201d a prestare alle pagine del romanzo tutto il suo innegabile fascino. Non mancano, in verit\u00e0, alcuni elementi scontati: la critica per le storiche politiche di assimilazione forzata condotte dagli stati scandinavi; il mito di una cultura profondamente semplice e incontaminata; l\u2019accusa alle tendenze xenofobe dei partiti di ultra-destra e alle spregiudicate operazioni industriali e commerciali poste in essere dalle multinazionali minerarie. Tuttavia, la magia dell\u2019ambientazione regge, e cos\u00ec possiamo salutare il debutto di un nuovo team investigativo.<\/p>\n<p class=\"MsoNormal\" style=\"text-align: justify; text-justify: inter-ideograph;\"><!--[if gte mso 9]><xml>\n<w:WordDocument>\n<w:View>Normal<\/w:View>\n<w:Zoom>0<\/w:Zoom>\n<w:HyphenationZone>14<\/w:HyphenationZone>\n<w:Compatibility>\n<w:BreakWrappedTables\/>\n<w:SnapToGridInCell\/>\n<w:ApplyBreakingRules\/>\n<w:WrapTextWithPunct\/>\n<w:UseAsianBreakRules\/>\n<w:UseFELayout\/>\n<\/w:Compatibility>\n<w:BrowserLevel>MicrosoftInternetExplorer4<\/w:BrowserLevel>\n<\/w:WordDocument>\n<\/xml><![endif]--><\/p>\n<p class=\"MsoNormal\" style=\"text-align: justify; text-justify: inter-ideograph;\"><!--[if gte mso 10]><\/p>\n\n\n\n\n\n<style>\n \/* Style Definitions *\/\n table.MsoNormalTable\n\t{mso-style-name:\"Tabella normale\";\n\tmso-tstyle-rowband-size:0;\n\tmso-tstyle-colband-size:0;\n\tmso-style-noshow:yes;\n\tmso-style-parent:\"\";\n\tmso-padding-alt:0cm 5.4pt 0cm 5.4pt;\n\tmso-para-margin:0cm;\n\tmso-para-margin-bottom:.0001pt;\n\tmso-pagination:widow-orphan;\n\tfont-size:10.0pt;\n\tfont-family:\"Times New Roman\";\n\tmso-fareast-font-family:\"Times New Roman\";}\n<\/style>\n\n<![endif]--><\/p>\n<p class=\"MsoNormal\" style=\"text-align: justify; text-justify: inter-ideograph;\">Klemet e Nina formano una delle tante pattuglie della polizia delle renne, che, come espressione volta a tutelare la minoranza Sami, non ha confini, e quindi pu\u00f2 muoversi tra Norvegia, Svezia e Finlandia, per prevenire e dirimere i conflitti tra gli allevatori di questi particolari e vaganti capi di bestiame. Lui \u00e8 un Sami, ed \u00e8 un poliziotto esperto; lei \u00e8 della Norvegia meridionale, ed \u00e8 al suo primo incarico artico. Gli eventi li portano ad indagare su due fatti indipendenti ma pressoch\u00e9 concomitanti: il furto di un rarissimo <a href=\"http:\/\/www.utexas.edu\/courses\/sami\/diehtu\/giella\/music\/noaidi.htm\">tamburo<\/a> rituale da un museo di Kautokeino; la morte violenta di Mattis Labba, un solitario e ambiguo allevatore della zona. Alcuni sospetti sono troppo facili e rischiano di riacutizzare il dolore di una discriminazione ancora imperante. Le reticenze dell\u2019anziana Berit e l\u2019ostinato silenzio del solitario Aslak non semplificano le cose. Nel frattempo, arriva sul posto un geologo francese, e le sue trame sembrano infittire i nodi da sciogliere, intrecciandosi con i disegni non certo nobili del vecchio Karl Olsen. \u00c8 la memoria del popolo Sami, custodita nel prezioso tamburo, a mettere i due partner sulla strada giusta, aiutati dalle tracce di una vecchia spedizione scientifica, dai caratteristici <a href=\"http:\/\/www.utexas.edu\/courses\/sami\/diehtu\/giella\/music\/yoiksunna.htm\">joik<\/a> del vecchio zio Ante e dall\u2019expertise di una ricercatrice a dir poco granitica. La conclusione \u00e8 quasi matematica, nel senso che si lascia facilmente attendere ben prima della fine del libro, con una chiusura che \u00e8 lieta solo in apparenza e che ripete ancora una volta un\u2019inarrestabile e tragico destino di sopraffazione, sgomento e abbandono.<\/p>\n<p><a href=\"http:\/\/www.jus.unitn.it\/services\/arc\/2013\/1024\/home.html \">Un recentissimo convegno sui diritti delle popolazioni indigene<\/a><\/p>\n<p>Il <a href=\"http:\/\/en.wikipedia.org\/wiki\/Alta_controversy\">&#8220;caso della diga di Alta&#8221;<\/a> (di cui si parla anche nel romanzo)<\/p>\n","protected":false},"excerpt":{"rendered":"<p>I motivi per leggere questo poliziesco possono essere due. Innanzitutto si avvicina l\u2019inverno, e quindi non c\u2019\u00e8 niente di meglio di un romanzo ambientato in luoghi in cui il freddo \u00e8 senz\u2019altro uno dei protagonisti. Oltre a ci\u00f2, non si tratta del solito giallo nordico: la trama \u00e8 intrigante, ma il punto di forza \u00e8 <a href='http:\/\/fulviocortese.it\/?p=2034'>[&#8230;]<\/a><\/p>\n","protected":false},"author":1,"featured_media":0,"comment_status":"closed","ping_status":"open","sticky":false,"template":"","format":"standard","meta":{"footnotes":""},"categories":[1],"tags":[21,317,122,318,182,39,40,38],"class_list":["post-2034","post","type-post","status-publish","format-standard","hentry","category-biblio","tag-gialli","tag-minoranze","tag-natura","tag-norvegia","tag-paesaggio","tag-politica-e-liberta","tag-religione","tag-romanzo","category-1-id","post-seq-1","post-parity-odd","full-content"],"_links":{"self":[{"href":"http:\/\/fulviocortese.it\/index.php?rest_route=\/wp\/v2\/posts\/2034","targetHints":{"allow":["GET"]}}],"collection":[{"href":"http:\/\/fulviocortese.it\/index.php?rest_route=\/wp\/v2\/posts"}],"about":[{"href":"http:\/\/fulviocortese.it\/index.php?rest_route=\/wp\/v2\/types\/post"}],"author":[{"embeddable":true,"href":"http:\/\/fulviocortese.it\/index.php?rest_route=\/wp\/v2\/users\/1"}],"replies":[{"embeddable":true,"href":"http:\/\/fulviocortese.it\/index.php?rest_route=%2Fwp%2Fv2%2Fcomments&post=2034"}],"version-history":[{"count":7,"href":"http:\/\/fulviocortese.it\/index.php?rest_route=\/wp\/v2\/posts\/2034\/revisions"}],"predecessor-version":[{"id":2048,"href":"http:\/\/fulviocortese.it\/index.php?rest_route=\/wp\/v2\/posts\/2034\/revisions\/2048"}],"wp:attachment":[{"href":"http:\/\/fulviocortese.it\/index.php?rest_route=%2Fwp%2Fv2%2Fmedia&parent=2034"}],"wp:term":[{"taxonomy":"category","embeddable":true,"href":"http:\/\/fulviocortese.it\/index.php?rest_route=%2Fwp%2Fv2%2Fcategories&post=2034"},{"taxonomy":"post_tag","embeddable":true,"href":"http:\/\/fulviocortese.it\/index.php?rest_route=%2Fwp%2Fv2%2Ftags&post=2034"}],"curies":[{"name":"wp","href":"https:\/\/api.w.org\/{rel}","templated":true}]}}