{"id":1861,"date":"2013-09-16T14:12:39","date_gmt":"2013-09-16T12:12:39","guid":{"rendered":"http:\/\/fulviocortese.it\/?p=1861"},"modified":"2013-09-16T14:12:39","modified_gmt":"2013-09-16T12:12:39","slug":"sullaltopiano-andrea-zanzotto","status":"publish","type":"post","link":"http:\/\/fulviocortese.it\/?p=1861","title":{"rendered":"Sull\u2019altopiano (Andrea Zanzotto)"},"content":{"rendered":"<p><!--[if gte mso 9]><xml>\n<w:WordDocument>\n<w:View>Normal<\/w:View>\n<w:Zoom>0<\/w:Zoom>\n<w:HyphenationZone>14<\/w:HyphenationZone>\n<w:Compatibility>\n<w:BreakWrappedTables\/>\n<w:SnapToGridInCell\/>\n<w:ApplyBreakingRules\/>\n<w:WrapTextWithPunct\/>\n<w:UseAsianBreakRules\/>\n<w:UseFELayout\/>\n<\/w:Compatibility>\n<w:BrowserLevel>MicrosoftInternetExplorer4<\/w:BrowserLevel>\n<\/w:WordDocument>\n<\/xml><![endif]--><\/p>\n<p><!--[if gte mso 10]>\n\n\n\n<style>\n \/* Style Definitions *\/\n table.MsoNormalTable\n\t{mso-style-name:\"Tabella normale\";\n\tmso-tstyle-rowband-size:0;\n\tmso-tstyle-colband-size:0;\n\tmso-style-noshow:yes;\n\tmso-style-parent:\"\";\n\tmso-padding-alt:0cm 5.4pt 0cm 5.4pt;\n\tmso-para-margin:0cm;\n\tmso-para-margin-bottom:.0001pt;\n\tmso-pagination:widow-orphan;\n\tfont-size:10.0pt;\n\tfont-family:\"Times New Roman\";\n\tmso-fareast-font-family:\"Times New Roman\";}\n<\/style>\n\n<![endif]--><\/p>\n<p class=\"MsoNormal\" style=\"text-align: justify; text-justify: inter-ideograph;\"><a href=\"http:\/\/www.mannieditori.it\/libro\/sull\u2019altopiano\"><img loading=\"lazy\" decoding=\"async\" class=\"alignleft\" alt=\"\" src=\"http:\/\/www.mannieditori.it\/sites\/default\/files\/copertine\/b_978-88-8176-949-0.jpg\" width=\"200\" height=\"273\" \/><\/a>Il poeta che \u00e8 unanimemente riconosciuto come una delle voci pi\u00f9 importanti della scena letteraria dell\u2019ultimo secolo si \u00e8 cimentato anche con la prosa, in particolare in un \u201cpugno\u201d di brani molto suggestivi, dal sapore quasi antico. Ripubblicati pochi anni prima della sua scomparsa, questi pezzi <i>minori<\/i> di Zanzotto possono rivelare l\u2019esistenza di un \u201cdietro le quinte\u201d che invoglia a rileggerne i versi pi\u00f9 noti con rinnovata soddisfazione. Grande capacit\u00e0 riflessiva, serena attitudine all\u2019indagine introspettiva, tenace amore per le immagini del paesaggio, nostalgia per una semplicit\u00e0 perduta da ritrovare nella pi\u00f9 viva prossimit\u00e0 alle epifanie di una natura sempre toccante: i racconti raccolti in questo piccolo volume \u2013 che risalgono al periodo 1942-1954 \u2013 recano tracce sensibili di quelli che sono i luoghi pi\u00f9 ricorrenti del grande autore di Pieve di Soligo.<\/p>\n<p class=\"MsoNormal\" style=\"text-align: justify; text-justify: inter-ideograph;\">Degli scritti che si presentano sotto il titolo <i>Le signore<\/i>, si ha l\u2019impressione di tornare al piccolo mondo di Fogazzaro, condito, per\u00f2, di intuizioni ironiche e talvolta moraleggianti, come quelle che si potrebbero attingere dalla grande tradizione che accomuna <em><span style=\"font-style: normal;\">\u010cechov<\/span><\/em><i> <\/i>a Maupassant. <i>La scomparsa di Ciank\u00ec<\/i> e il successivo <i>Ero farfalla<\/i> sono piccoli capolavori di dolce sarcasmo (e pare quasi che si voglia quasi fare il verso all\u2019ipotetica montagna incantata della piccola borghesia italiana). Degli altri testi: <i>Sull\u2019altopiano<\/i> \u00e8 una vivida e perfetta rassegna di emozioni tanto pacate ed elementari quanto traboccanti; <i>Parlami ancora<\/i> reca la testimonianza di una <i>madeleine<\/i> veneta per eccellenza, tanto povera quanto essenziale; <i>Autobus nella sera<\/i> sembra riprodurre un quadro di Hopper in salsa neo-realista; <i>Segreti della pioggia<\/i> e <i>Idea dell\u2019autunno<\/i> sono canti di un Lucrezio moderno; <i>1944: FAIER<\/i> \u00e8 un inno alla memoria e alla storia dei pi\u00f9 umili, e un monito per la loro custodia&#8230;<\/p>\n<p class=\"MsoNormal\" style=\"text-align: justify; text-justify: inter-ideograph;\"><!--[if gte mso 9]><xml>\n<w:WordDocument>\n<w:View>Normal<\/w:View>\n<w:Zoom>0<\/w:Zoom>\n<w:HyphenationZone>14<\/w:HyphenationZone>\n<w:Compatibility>\n<w:BreakWrappedTables\/>\n<w:SnapToGridInCell\/>\n<w:ApplyBreakingRules\/>\n<w:WrapTextWithPunct\/>\n<w:UseAsianBreakRules\/>\n<w:UseFELayout\/>\n<\/w:Compatibility>\n<w:BrowserLevel>MicrosoftInternetExplorer4<\/w:BrowserLevel>\n<\/w:WordDocument>\n<\/xml><![endif]--><\/p>\n<p class=\"MsoNormal\" style=\"text-align: justify; text-justify: inter-ideograph;\"><!--[if gte mso 10]><\/p>\n\n\n\n\n\n<style>\n \/* Style Definitions *\/\n table.MsoNormalTable\n\t{mso-style-name:\"Tabella normale\";\n\tmso-tstyle-rowband-size:0;\n\tmso-tstyle-colband-size:0;\n\tmso-style-noshow:yes;\n\tmso-style-parent:\"\";\n\tmso-padding-alt:0cm 5.4pt 0cm 5.4pt;\n\tmso-para-margin:0cm;\n\tmso-para-margin-bottom:.0001pt;\n\tmso-pagination:widow-orphan;\n\tfont-size:10.0pt;\n\tfont-family:\"Times New Roman\";\n\tmso-fareast-font-family:\"Times New Roman\";}\n<\/style>\n\n<![endif]--><\/p>\n<p class=\"MsoNormal\" style=\"text-align: justify; text-justify: inter-ideograph;\">Una pagina segue l\u2019altra senza difficolt\u00e0, fino alla fine, in un alternarsi di prose che sono disordinate solo in apparenza e che si chiudono nel brevissimo <i>Il vigneto<\/i>, spontanea rappresentazione del tempio segreto in cui sempre ci piace immaginare Zanzotto, alla ricerca delle sue Muse. Letta oggi, l\u2019ultima frase di questo racconto, e cos\u00ec di tutto il libro, diventa, per il grande poeta, il migliore degli autoritratti: \u201cEro raccolto e folto in me, mi perdonavo, mi lasciavo dire s\u00ec, mi accoccolavo nel vivere, mi accucciavo inerme nel vivere, ma esso continuava come a darmisi dall\u2019esterno e dal mio intimo, ed ero portato fuori, comportato da tutto e nulla, nel verde, nell\u2019inaccessibile dei colli, nel loro socchiudersi senza fine\u201d.<\/p>\n<p class=\"MsoNormal\" style=\"text-align: justify; text-justify: inter-ideograph;\">Recensioni (di S<a href=\"http:\/\/www.mannieditori.it\/rassegna\/andrea-zanzotto-sull\u2019altopiano\">ergio D&#8217;Amaro<\/a>, <a href=\"http:\/\/www.cacopardo.it\/content\/view\/145\/45\/\">Domenico Cacopardo<\/a>, <a href=\"http:\/\/archiviostorico.corriere.it\/1995\/settembre\/03\/Sull_Altipiano_con_Zanzotto_grande_co_0_9509036141.shtml\">Giuliano Gramigna<\/a> &#8211; ma, in quest&#8217;ultimo caso, sull&#8217;edizione Neri pozza&#8230;)<\/p>\n<p class=\"MsoNormal\" style=\"text-align: justify; text-justify: inter-ideograph;\"><a href=\"www.youtube.com\/watch?v=J-DqfNePGVw\">Ritratto di Zanzotto<\/a> (a cura di Marco Paolini, regia di Carlo Mazzacurati, 2009)<\/p>\n<p class=\"MsoNormal\" style=\"text-align: justify; text-justify: inter-ideograph;\"><!--[if gte mso 9]><xml>\n<w:WordDocument>\n<w:View>Normal<\/w:View>\n<w:Zoom>0<\/w:Zoom>\n<w:HyphenationZone>14<\/w:HyphenationZone>\n<w:Compatibility>\n<w:BreakWrappedTables\/>\n<w:SnapToGridInCell\/>\n<w:ApplyBreakingRules\/>\n<w:WrapTextWithPunct\/>\n<w:UseAsianBreakRules\/>\n<w:UseFELayout\/>\n<\/w:Compatibility>\n<w:BrowserLevel>MicrosoftInternetExplorer4<\/w:BrowserLevel>\n<\/w:WordDocument>\n<\/xml><![endif]--><\/p>\n","protected":false},"excerpt":{"rendered":"<p>Il poeta che \u00e8 unanimemente riconosciuto come una delle voci pi\u00f9 importanti della scena letteraria dell\u2019ultimo secolo si \u00e8 cimentato anche con la prosa, in particolare in un \u201cpugno\u201d di brani molto suggestivi, dal sapore quasi antico. Ripubblicati pochi anni prima della sua scomparsa, questi pezzi minori di Zanzotto possono rivelare l\u2019esistenza di un \u201cdietro <a href='http:\/\/fulviocortese.it\/?p=1861'>[&#8230;]<\/a><\/p>\n","protected":false},"author":1,"featured_media":0,"comment_status":"closed","ping_status":"open","sticky":false,"template":"","format":"standard","meta":{"footnotes":""},"categories":[1],"tags":[26,122,182,17,29],"class_list":["post-1861","post","type-post","status-publish","format-standard","hentry","category-biblio","tag-altopiano","tag-natura","tag-paesaggio","tag-poesia-2","tag-racconti","category-1-id","post-seq-1","post-parity-odd","full-content"],"_links":{"self":[{"href":"http:\/\/fulviocortese.it\/index.php?rest_route=\/wp\/v2\/posts\/1861","targetHints":{"allow":["GET"]}}],"collection":[{"href":"http:\/\/fulviocortese.it\/index.php?rest_route=\/wp\/v2\/posts"}],"about":[{"href":"http:\/\/fulviocortese.it\/index.php?rest_route=\/wp\/v2\/types\/post"}],"author":[{"embeddable":true,"href":"http:\/\/fulviocortese.it\/index.php?rest_route=\/wp\/v2\/users\/1"}],"replies":[{"embeddable":true,"href":"http:\/\/fulviocortese.it\/index.php?rest_route=%2Fwp%2Fv2%2Fcomments&post=1861"}],"version-history":[{"count":3,"href":"http:\/\/fulviocortese.it\/index.php?rest_route=\/wp\/v2\/posts\/1861\/revisions"}],"predecessor-version":[{"id":1864,"href":"http:\/\/fulviocortese.it\/index.php?rest_route=\/wp\/v2\/posts\/1861\/revisions\/1864"}],"wp:attachment":[{"href":"http:\/\/fulviocortese.it\/index.php?rest_route=%2Fwp%2Fv2%2Fmedia&parent=1861"}],"wp:term":[{"taxonomy":"category","embeddable":true,"href":"http:\/\/fulviocortese.it\/index.php?rest_route=%2Fwp%2Fv2%2Fcategories&post=1861"},{"taxonomy":"post_tag","embeddable":true,"href":"http:\/\/fulviocortese.it\/index.php?rest_route=%2Fwp%2Fv2%2Ftags&post=1861"}],"curies":[{"name":"wp","href":"https:\/\/api.w.org\/{rel}","templated":true}]}}