{"id":1775,"date":"2013-08-28T21:33:29","date_gmt":"2013-08-28T19:33:29","guid":{"rendered":"http:\/\/fulviocortese.it\/?p=1775"},"modified":"2013-08-28T21:33:29","modified_gmt":"2013-08-28T19:33:29","slug":"poemetto-gastronomico-e-altri-nutrimenti-tomaso-kemeny","status":"publish","type":"post","link":"http:\/\/fulviocortese.it\/?p=1775","title":{"rendered":"Poemetto gastronomico e altri nutrimenti (Tomaso Kemeny)"},"content":{"rendered":"<p><!--[if gte mso 9]><xml>\n<w:WordDocument>\n<w:View>Normal<\/w:View>\n<w:Zoom>0<\/w:Zoom>\n<w:HyphenationZone>14<\/w:HyphenationZone>\n<w:Compatibility>\n<w:BreakWrappedTables\/>\n<w:SnapToGridInCell\/>\n<w:ApplyBreakingRules\/>\n<w:WrapTextWithPunct\/>\n<w:UseAsianBreakRules\/>\n<w:UseFELayout\/>\n<\/w:Compatibility>\n<w:BrowserLevel>MicrosoftInternetExplorer4<\/w:BrowserLevel>\n<\/w:WordDocument>\n<\/xml><![endif]--><\/p>\n<p><!--[if gte mso 10]>\n\n\n\n<style>\n \/* Style Definitions *\/\n table.MsoNormalTable\n\t{mso-style-name:\"Tabella normale\";\n\tmso-tstyle-rowband-size:0;\n\tmso-tstyle-colband-size:0;\n\tmso-style-noshow:yes;\n\tmso-style-parent:\"\";\n\tmso-padding-alt:0cm 5.4pt 0cm 5.4pt;\n\tmso-para-margin:0cm;\n\tmso-para-margin-bottom:.0001pt;\n\tmso-pagination:widow-orphan;\n\tfont-size:10.0pt;\n\tfont-family:\"Times New Roman\";\n\tmso-fareast-font-family:\"Times New Roman\";}\n<\/style>\n\n<![endif]--><\/p>\n<p class=\"MsoNormal\" style=\"text-align: justify; text-justify: inter-ideograph;\"><a href=\"http:\/\/www.ibs.it\/code\/9788816520424\/kemeny-tomaso\/poemetto-gastronomico-altri.html\"><img loading=\"lazy\" decoding=\"async\" class=\"alignleft\" alt=\"\" src=\"http:\/\/www.jacabook.it\/ricerca\/imglibri\/52042-4sl.gif\" width=\"116\" height=\"191\" \/><\/a>Ai pasticcini contraffatti del salotto buono, Kemeny preferisce l\u2019alito ebbro di una scatenata baccante. Abbondanti e prelibate libagioni assurgono a rito necessario, officiato da un medium dionisiaco per propiziare l\u2019indispensabile riconquista di una dignit\u00e0 violata dall\u2019assedio delle banalit\u00e0 e della povert\u00e0 intellettuale. Il <i>Poemetto gastronomico<\/i>, per\u00f2, \u00e8 soltanto l\u2019inno, il primo e il pi\u00f9 divertito ed eccentrico, l\u2019<i>ouverture<\/i> di una serie di tanti altri sacrifici all\u2019altare della lirica e della sua felice forza pedagogica. I pezzi che seguono, infatti, sono testimonianze di rivolta e di passione ditirambica, o anche di puntuali agnizioni sciamaniche. Bella la galleria di omaggi ai grandi e amati sacerdoti della poesia, della letteratura, dell\u2019arte e della musica (Byron, Foscolo, Campana, Matisse, Liszt, Leopardi&#8230;); toccante la fiduciosa celebrazione dell\u2019amore come assoluta chiave di salvezza.<\/p>\n<p class=\"MsoNormal\" style=\"text-align: justify; text-justify: inter-ideograph;\"><!--[if gte mso 9]><xml>\n<w:WordDocument>\n<w:View>Normal<\/w:View>\n<w:Zoom>0<\/w:Zoom>\n<w:HyphenationZone>14<\/w:HyphenationZone>\n<w:Compatibility>\n<w:BreakWrappedTables\/>\n<w:SnapToGridInCell\/>\n<w:ApplyBreakingRules\/>\n<w:WrapTextWithPunct\/>\n<w:UseAsianBreakRules\/>\n<w:UseFELayout\/>\n<\/w:Compatibility>\n<w:BrowserLevel>MicrosoftInternetExplorer4<\/w:BrowserLevel>\n<\/w:WordDocument>\n<\/xml><![endif]--><\/p>\n<p class=\"MsoNormal\" style=\"text-align: justify; text-justify: inter-ideograph;\"><!--[if gte mso 10]><\/p>\n\n\n\n\n\n<style>\n \/* Style Definitions *\/\n table.MsoNormalTable\n\t{mso-style-name:\"Tabella normale\";\n\tmso-tstyle-rowband-size:0;\n\tmso-tstyle-colband-size:0;\n\tmso-style-noshow:yes;\n\tmso-style-parent:\"\";\n\tmso-padding-alt:0cm 5.4pt 0cm 5.4pt;\n\tmso-para-margin:0cm;\n\tmso-para-margin-bottom:.0001pt;\n\tmso-pagination:widow-orphan;\n\tfont-size:10.0pt;\n\tfont-family:\"Times New Roman\";\n\tmso-fareast-font-family:\"Times New Roman\";}\n<\/style>\n\n<![endif]--><\/p>\n<p class=\"MsoNormal\" style=\"text-align: justify; text-justify: inter-ideograph;\">La parte migliore del volume \u00e8 quella che si pu\u00f2 saggiare nelle sezioni <i>Nevica sul generale Garibaldi<\/i> (p. 89) e <i>Nell\u2019immensit\u00e0 genuina della lingua<\/i> (p. 111), e che fa da cornice e da spiegazione per l\u2019esaltazione dell\u2019atto creativo, della fantasia linguistica e delle ricercate delizie del palato. Sono spezzoni di una poetica del risveglio e dell\u2019invito ad abbandonarsi alla sapienza del verso, per ripararsi dal \u201csole della devastazione\u201d che ci opprime nella citt\u00e0 e per avere ancora fiducia nelle risorse dell\u2019immaginazione. Anche il poeta non pu\u00f2 dormire sugli allori, poich\u00e9 <i>La luce interiore non \u00e8 gratis et amore<\/i> (p. 113), soprattutto \u201cquando la sua parola annega nella sporcizia \/ dei giri a tutto vapore televisionari \/ e nei rumori pazzeschi dei media di tolleranza\u201d. Ma la collana di poesia della Jaca Book, diretta da Roberto Mussapi, non corre questo rischio: ci sono tanti titoli e tanti autori interessanti e fuori dal comune, anche il (quasi) dimenticato <a href=\"http:\/\/www.treccani.it\/enciclopedia\/piero-bigongiari\/\">Bigongiari<\/a>. Buona lettura a tutti&#8230;<\/p>\n<p class=\"MsoNormal\" style=\"text-align: justify; text-justify: inter-ideograph;\">Recensioni (di <a href=\"http:\/\/www.youtube.com\/watch?v=Dx1y0QW60N4\">Luigi Mascheroni<\/a>, <a href=\"http:\/\/www.jacabook.it\/admin\/upload\/Poemetto_Corsera.pdf\">Roberto Galaverni<\/a>, <a href=\"http:\/\/www.ilgiornale.it\/news\/tomaso-kemeny-poesia-viva-e-alimenta-vita.html\">Giuseppe Conte<\/a>, <a href=\"http:\/\/www.jacabook.it\/admin\/upload\/Kemeny_Alias.pdf\">Enzo Di Mauro<\/a>, <a href=\"http:\/\/www.lietocolle.info\/it\/poemetto_gastronomico_e_altri_nutrimenti_di_tomaso_kemeny_lettura_di_giorgio_linguaglossa.html\">Giorgio Linguaglossa<\/a>)<\/p>\n<p class=\"MsoNormal\" style=\"text-align: justify; text-justify: inter-ideograph;\">Un&#8217;<a href=\"http:\/\/gladiatoridellapenna.forumfree.it\/?t=66410352\">intervista<\/a> a Tomaso Kemeny<\/p>\n<p class=\"MsoNormal\" style=\"text-align: justify; text-justify: inter-ideograph;\"><a href=\"http:\/\/tomasolkemeny.blogspot.it\/\">Il blog dell&#8217;Autore<\/a><\/p>\n<p class=\"MsoNormal\" style=\"text-align: justify; text-justify: inter-ideograph;\"><!--[if gte mso 9]><xml>\n<w:WordDocument>\n<w:View>Normal<\/w:View>\n<w:Zoom>0<\/w:Zoom>\n<w:HyphenationZone>14<\/w:HyphenationZone>\n<w:Compatibility>\n<w:BreakWrappedTables\/>\n<w:SnapToGridInCell\/>\n<w:ApplyBreakingRules\/>\n<w:WrapTextWithPunct\/>\n<w:UseAsianBreakRules\/>\n<w:UseFELayout\/>\n<\/w:Compatibility>\n<w:BrowserLevel>MicrosoftInternetExplorer4<\/w:BrowserLevel>\n<\/w:WordDocument>\n<\/xml><![endif]--><\/p>\n<p class=\"MsoNormal\" style=\"text-align: justify; text-justify: inter-ideograph;\"><!--[if gte mso 10]><\/p>\n\n\n\n\n\n<style>\n \/* Style Definitions *\/\n table.MsoNormalTable\n\t{mso-style-name:\"Tabella normale\";\n\tmso-tstyle-rowband-size:0;\n\tmso-tstyle-colband-size:0;\n\tmso-style-noshow:yes;\n\tmso-style-parent:\"\";\n\tmso-padding-alt:0cm 5.4pt 0cm 5.4pt;\n\tmso-para-margin:0cm;\n\tmso-para-margin-bottom:.0001pt;\n\tmso-pagination:widow-orphan;\n\tfont-size:10.0pt;\n\tfont-family:\"Times New Roman\";\n\tmso-fareast-font-family:\"Times New Roman\";}\n<\/style>\n\n<![endif]--><\/p>\n<p class=\"MsoNormal\" style=\"text-align: justify; text-justify: inter-ideograph;\">&#8212;&#8211;<\/p>\n<p class=\"MsoNormal\" style=\"text-align: justify; text-justify: inter-ideograph;\">da <i>Poemetto gastronomico<\/i> (in <i>Coda<\/i>)<\/p>\n<p class=\"MsoNormal\" style=\"text-align: justify; text-justify: inter-ideograph;\">(&#8230;)<\/p>\n<p class=\"MsoNormal\" style=\"text-align: justify; text-justify: inter-ideograph;\">\u201cMi ribello, si mi ribello&#8230;<\/p>\n<p class=\"MsoNormal\" style=\"text-align: justify; text-justify: inter-ideograph;\">non accetto di essere lo zimbello<\/p>\n<p class=\"MsoNormal\" style=\"text-align: justify; text-justify: inter-ideograph;\">d\u2019un mondo di mostri e di iene<\/p>\n<p class=\"MsoNormal\" style=\"text-align: justify; text-justify: inter-ideograph;\">che santifica l\u2019intelletto in catene<\/p>\n<p class=\"MsoNormal\" style=\"text-align: justify; text-justify: inter-ideograph;\">e il potere di coloro che sterilizzano<\/p>\n<p class=\"MsoNormal\" style=\"text-align: justify; text-justify: inter-ideograph;\">l\u2019immaginazione. O Dioniso, sopprimi<\/p>\n<p class=\"MsoNormal\" style=\"text-align: justify; text-justify: inter-ideograph;\">il reale quotidiano<\/p>\n<p class=\"MsoNormal\" style=\"text-align: justify; text-justify: inter-ideograph;\">e in un crescendo rossiniano<\/p>\n<p class=\"MsoNormal\" style=\"text-align: justify; text-justify: inter-ideograph;\">adottami nello splendore conviviale,<\/p>\n<p class=\"MsoNormal\" style=\"text-align: justify; text-justify: inter-ideograph;\">accoglimi, tuo proselito leale,<\/p>\n<p class=\"MsoNormal\" style=\"text-align: justify; text-justify: inter-ideograph;\">nelle esultanti viscere del congegnato caos\u201d<\/p>\n<p class=\"MsoNormal\" style=\"text-align: justify; text-justify: inter-ideograph;\">(&#8230;)<\/p>\n<p class=\"MsoNormal\" style=\"text-align: justify; text-justify: inter-ideograph;\">&#8212;&#8211;<\/p>\n<p class=\"MsoNormal\" style=\"text-align: justify; text-justify: inter-ideograph;\"><i>Speso nella scrittura<\/i><\/p>\n<p class=\"MsoNormal\" style=\"text-align: justify; text-justify: inter-ideograph;\">Speso nella scrittura<\/p>\n<p class=\"MsoNormal\" style=\"text-align: justify; text-justify: inter-ideograph;\">Il tempo mi usura implacato,<\/p>\n<p class=\"MsoNormal\" style=\"text-align: justify; text-justify: inter-ideograph;\">ma in tutti i mondi possibili<\/p>\n<p class=\"MsoNormal\" style=\"text-align: justify; text-justify: inter-ideograph;\">declamo di sentirmi<\/p>\n<p class=\"MsoNormal\" style=\"text-align: justify; text-justify: inter-ideograph;\">un re giovane incoronato<\/p>\n<p class=\"MsoNormal\" style=\"text-align: justify; text-justify: inter-ideograph;\">da quando ti amo.<\/p>\n<p class=\"MsoNormal\" style=\"text-align: justify; text-justify: inter-ideograph;\">&#8212;&#8211;<\/p>\n<p class=\"MsoNormal\" style=\"text-align: justify; text-justify: inter-ideograph;\"><i>A chi rifugge o ignora la poesia<\/i><\/p>\n<p class=\"MsoNormal\" style=\"text-align: justify; text-justify: inter-ideograph;\">Se ignori cosa sia la poesia<\/p>\n<p class=\"MsoNormal\" style=\"text-align: justify; text-justify: inter-ideograph;\">scruta le orbite vuote di Omero<\/p>\n<p class=\"MsoNormal\" style=\"text-align: justify; text-justify: inter-ideograph;\">e non pestare escrementi<\/p>\n<p class=\"MsoNormal\" style=\"text-align: justify; text-justify: inter-ideograph;\">che le colombe nere della morte<\/p>\n<p class=\"MsoNormal\" style=\"text-align: justify; text-justify: inter-ideograph;\">spargono ovunque sulle nostre<\/p>\n<p class=\"MsoNormal\" style=\"text-align: justify; text-justify: inter-ideograph;\">metropoli; ce ne andremo cos\u00ec,<\/p>\n<p class=\"MsoNormal\" style=\"text-align: justify; text-justify: inter-ideograph;\">come siamo venuti<\/p>\n<p class=\"MsoNormal\" style=\"text-align: justify; text-justify: inter-ideograph;\">senza carichi n\u00e9 bagagli<\/p>\n<p class=\"MsoNormal\" style=\"text-align: justify; text-justify: inter-ideograph;\">per reinventare ancora una volta<\/p>\n<p class=\"MsoNormal\" style=\"text-align: justify; text-justify: inter-ideograph;\">la vita che innamora.<\/p>\n","protected":false},"excerpt":{"rendered":"<p>Ai pasticcini contraffatti del salotto buono, Kemeny preferisce l\u2019alito ebbro di una scatenata baccante. Abbondanti e prelibate libagioni assurgono a rito necessario, officiato da un medium dionisiaco per propiziare l\u2019indispensabile riconquista di una dignit\u00e0 violata dall\u2019assedio delle banalit\u00e0 e della povert\u00e0 intellettuale. Il Poemetto gastronomico, per\u00f2, \u00e8 soltanto l\u2019inno, il primo e il pi\u00f9 divertito <a href='http:\/\/fulviocortese.it\/?p=1775'>[&#8230;]<\/a><\/p>\n","protected":false},"author":1,"featured_media":0,"comment_status":"closed","ping_status":"open","sticky":false,"template":"","format":"standard","meta":{"footnotes":""},"categories":[8],"tags":[311,312,313,17],"class_list":["post-1775","post","type-post","status-publish","format-standard","hentry","category-poesia","tag-cucina","tag-dioniso","tag-immaginazione","tag-poesia-2","category-8-id","post-seq-1","post-parity-odd","full-content"],"_links":{"self":[{"href":"http:\/\/fulviocortese.it\/index.php?rest_route=\/wp\/v2\/posts\/1775","targetHints":{"allow":["GET"]}}],"collection":[{"href":"http:\/\/fulviocortese.it\/index.php?rest_route=\/wp\/v2\/posts"}],"about":[{"href":"http:\/\/fulviocortese.it\/index.php?rest_route=\/wp\/v2\/types\/post"}],"author":[{"embeddable":true,"href":"http:\/\/fulviocortese.it\/index.php?rest_route=\/wp\/v2\/users\/1"}],"replies":[{"embeddable":true,"href":"http:\/\/fulviocortese.it\/index.php?rest_route=%2Fwp%2Fv2%2Fcomments&post=1775"}],"version-history":[{"count":6,"href":"http:\/\/fulviocortese.it\/index.php?rest_route=\/wp\/v2\/posts\/1775\/revisions"}],"predecessor-version":[{"id":1781,"href":"http:\/\/fulviocortese.it\/index.php?rest_route=\/wp\/v2\/posts\/1775\/revisions\/1781"}],"wp:attachment":[{"href":"http:\/\/fulviocortese.it\/index.php?rest_route=%2Fwp%2Fv2%2Fmedia&parent=1775"}],"wp:term":[{"taxonomy":"category","embeddable":true,"href":"http:\/\/fulviocortese.it\/index.php?rest_route=%2Fwp%2Fv2%2Fcategories&post=1775"},{"taxonomy":"post_tag","embeddable":true,"href":"http:\/\/fulviocortese.it\/index.php?rest_route=%2Fwp%2Fv2%2Ftags&post=1775"}],"curies":[{"name":"wp","href":"https:\/\/api.w.org\/{rel}","templated":true}]}}