{"id":1720,"date":"2013-08-20T08:26:47","date_gmt":"2013-08-20T06:26:47","guid":{"rendered":"http:\/\/fulviocortese.it\/?p=1720"},"modified":"2013-08-20T08:27:48","modified_gmt":"2013-08-20T06:27:48","slug":"lamerica-dimenticata-i-rapporti-tra-le-civilta-e-un-errore-di-tolomeo-lucio-russo","status":"publish","type":"post","link":"http:\/\/fulviocortese.it\/?p=1720","title":{"rendered":"L\u2019America dimenticata. I rapporti tra le civilt\u00e0 e un errore di Tolomeo (Lucio Russo)"},"content":{"rendered":"<p><!--[if gte mso 9]><xml>\n<w:WordDocument>\n<w:View>Normal<\/w:View>\n<w:Zoom>0<\/w:Zoom>\n<w:HyphenationZone>14<\/w:HyphenationZone>\n<w:Compatibility>\n<w:BreakWrappedTables\/>\n<w:SnapToGridInCell\/>\n<w:ApplyBreakingRules\/>\n<w:WrapTextWithPunct\/>\n<w:UseAsianBreakRules\/>\n<w:UseFELayout\/>\n<\/w:Compatibility>\n<w:BrowserLevel>MicrosoftInternetExplorer4<\/w:BrowserLevel>\n<\/w:WordDocument>\n<\/xml><![endif]--><\/p>\n<p><!--[if gte mso 10]>\n\n\n\n<style>\n \/* Style Definitions *\/\n table.MsoNormalTable\n\t{mso-style-name:\"Tabella normale\";\n\tmso-tstyle-rowband-size:0;\n\tmso-tstyle-colband-size:0;\n\tmso-style-noshow:yes;\n\tmso-style-parent:\"\";\n\tmso-padding-alt:0cm 5.4pt 0cm 5.4pt;\n\tmso-para-margin:0cm;\n\tmso-para-margin-bottom:.0001pt;\n\tmso-pagination:widow-orphan;\n\tfont-size:10.0pt;\n\tfont-family:\"Times New Roman\";\n\tmso-fareast-font-family:\"Times New Roman\";}\n<\/style>\n\n<![endif]--><\/p>\n<p class=\"MsoNormal\" style=\"text-align: justify; text-justify: inter-ideograph;\"><a href=\"http:\/\/www.mondadorieducation.it\/libro\/lucio-russo\/l-america-dimenticata\/120900039839\"><img loading=\"lazy\" decoding=\"async\" class=\"alignleft\" alt=\"\" src=\"http:\/\/www.mondadorieducation.it\/media\/img\/120900039839GRA.jpg\" width=\"175\" height=\"244\" \/><\/a>Premessa d\u2019obbligo: anche l\u2019Autore \u00e8 cosciente del rischio che la sua ricostruzione venga travolta nel turbine del puro intrattenimento e delle tante ipotesi <i>alla Voyager<\/i>. Tuttavia, \u00e8 evidente \u201cche se non si vuole bloccare il progresso delle conoscenze una tesi non pu\u00f2 essere rifiutata in quanto gi\u00e0 \u2018screditata\u2019, se emergono argomenti nuovi a suo sostegno\u201d (p. XI). Ma di quale tesi si tratta? 1. Che l\u2019America \u00e8 stata scoperta prima di Colombo. 2. Che ci\u00f2 \u00e8 dimostrabile attraverso un viaggio nella storia della geografia matematica e nella contingenza del collasso culturale che nel II secolo a. C. ha spazzato via dal Vecchio Mondo la consapevolezza e la diffusione delle scoperte scientifiche dell\u2019et\u00e0 ellenistica. 3. Che la revisione sulle convinzioni finora dominanti sui possibili contatti transoceanici prima del 1492 e sul modo con cui circolano idee, dottrine ed invenzioni pu\u00f2 contribuire anche alla critica di una concezione ancora altrettanto maggioritaria: quella che presuppone che, sulla Terra, le civilt\u00e0 si siano evolute separatamente, nel rispetto di universali leggi biologiche e di invariabili itinerari sociali.<\/p>\n<p class=\"MsoNormal\" style=\"text-align: justify; text-justify: inter-ideograph;\">L\u2019argomentazione di Russo \u2013 sempre chiara e interessante \u2013 parte proprio da quest\u2019ultimo aspetto, per segnare, cio\u00e8, il campo nel quale collocare la rilevanza dei profili strettamente matematici che vanno a costituire il nucleo centrale del volume. Questo \u00e8 dedicato ad illustrare le ragioni per le quali <a href=\"http:\/\/dm.unife.it\/matematicainsieme\/matcart\/tolomeo.htm\">Tolomeo<\/a>, diversamente da <a href=\"http:\/\/dm.unife.it\/matematicainsieme\/matcart\/misterra.htm\">Eratostene<\/a>, ha <em>rimpicciolito<\/em> le dimensioni del nostro pianeta. Per effettuare questo tipo di calcolo, infatti, era necessario avere alcuni punti di riferimento e verificarne le coordinate. Ma in ci\u00f2 Tolomeo ha errato, finendo per collocare l\u2019estremit\u00e0 allora conosciuta dell\u2019<a href=\"http:\/\/it.wikipedia.org\/wiki\/Ecumene\"><i>ecumene<\/i><\/a> alla latitudine in cui si trovano le isole Canarie ed ingenerando cos\u00ec la diffusione dell\u2019idea secondo cui proprio quello era il limite delle esplorazioni compiute fino a quel momento. In verit\u00e0, secondo le fondamentali acquisizioni di Eratostene e di Ipparco, quel limite doveva collocarsi alla latitudine in ci si trovano le Piccole Antille, nell\u2019odierno Mar dei Caraibi; e quello, del resto, non poteva che essere il luogo in cui si trovavano le tanto famigerate e mitiche Isole Fortunate, di cui molte fonti antiche parlano e di cui non si pu\u00f2 escludere la scoperta da parte dei grandi navigatori fenici e cartaginesi.<\/p>\n<p class=\"MsoNormal\" style=\"text-align: justify; text-justify: inter-ideograph;\"><!--[if gte mso 9]><xml>\n<w:WordDocument>\n<w:View>Normal<\/w:View>\n<w:Zoom>0<\/w:Zoom>\n<w:HyphenationZone>14<\/w:HyphenationZone>\n<w:Compatibility>\n<w:BreakWrappedTables\/>\n<w:SnapToGridInCell\/>\n<w:ApplyBreakingRules\/>\n<w:WrapTextWithPunct\/>\n<w:UseAsianBreakRules\/>\n<w:UseFELayout\/>\n<\/w:Compatibility>\n<w:BrowserLevel>MicrosoftInternetExplorer4<\/w:BrowserLevel>\n<\/w:WordDocument>\n<\/xml><![endif]--><\/p>\n<p class=\"MsoNormal\" style=\"text-align: justify; text-justify: inter-ideograph;\"><!--[if gte mso 10]><\/p>\n\n\n\n\n\n<style>\n \/* Style Definitions *\/\n table.MsoNormalTable\n\t{mso-style-name:\"Tabella normale\";\n\tmso-tstyle-rowband-size:0;\n\tmso-tstyle-colband-size:0;\n\tmso-style-noshow:yes;\n\tmso-style-parent:\"\";\n\tmso-padding-alt:0cm 5.4pt 0cm 5.4pt;\n\tmso-para-margin:0cm;\n\tmso-para-margin-bottom:.0001pt;\n\tmso-pagination:widow-orphan;\n\tfont-size:10.0pt;\n\tfont-family:\"Times New Roman\";\n\tmso-fareast-font-family:\"Times New Roman\";}\n<\/style>\n\n<![endif]--><\/p>\n<p class=\"MsoNormal\" style=\"text-align: justify; text-justify: inter-ideograph;\">Il ragionamento che Russo conduce \u2013 e che viene accompagnato da illustrazioni molto efficaci, curate da <a href=\"http:\/\/www.francescaromanacapone.it\/archives\/1043\">Francesca Romana Capone<\/a> \u2013 \u00e8 puntuale e rigoroso ed \u00e8 pertanto un\u2019ottima fonte di nutrimento. La cosa pi\u00f9 affascinante \u00e8 trovarsi a constatare il sorprendente stato di avanzamento delle conoscenze scientifiche durante l\u2019et\u00e0 ellenistica, ma anche l\u2019altrettanto stupefacente facilit\u00e0 con cui, nel giro di pochi anni, quel patrimonio \u00e8 svanito a causa degli sviluppi politici, sociali e culturali della romanizzazione del Mediterraneo e della <i>chiusura<\/i> che ad essa \u00e8 seguita. \u00c8 anche notevole cogliere la suggestione che, ad un certo punto, l\u2019Autore lancia al pubblico italiano: perch\u00e9 il declino epocale che il Vecchio Mondo ha conosciuto in quella lontana occasione pu\u00f2 leggersi come una delle radici prime della perdita del carattere unitario della conoscenza umana, e cos\u00ec della tradizionalissima tendenza peninsulare a concentrare prevalentemente la formazione del cittadino nell\u2019approfondimento delle discipline umanistiche anzich\u00e9 nella stretta compenetrazione che esse devono sempre avere con quelle che oggi si ascrivono all\u2019ambito delle scienze dure. Infine non lascia indifferenti vedere, ancora una volta, che il progresso e la sua lettura necessariamente lineare sono frutto di presupposizioni ideologiche superate: giacch\u00e9 \u00e8 sempre troppo facile perdere la memoria, tornare indietro e imboccare <i>ex novo<\/i> binari che qualche altro saggio e accorto antenato aveva gi\u00e0 percorso. Il libro di Russo \u00e8 l\u2019ennesima conferma del famoso detto di Bernardo di Chartres: siamo veramente come nani sulle spalle di giganti.<\/p>\n<p class=\"MsoNormal\" style=\"text-align: justify; text-justify: inter-ideograph;\">Recensioni (di <a href=\"http:\/\/www.claudiogiunta.it\/2013\/07\/lamerica-dimenticata2\/\">Claudio Giunta<\/a>, <a href=\"http:\/\/www.ilsole24ore.com\/art\/cultura\/2013-06-30\/lamerica-scoperta-antichi-083730.shtml?uuid=AbR5Hs9H\">Carlo Rovelli<\/a>, <a href=\"http:\/\/scienzaesocieta.com.unita.it\/scienza\/2013\/07\/01\/l-america-scoperta-dai-cartaginesi\">Pietro Greco<\/a>, <a href=\"http:\/\/www.ilsussidiario.net\/News\/Cultura\/2013\/7\/17\/LETTURE-Eratostene-Tolomeo-e-l-America-dimenticata-\/412747\/\">Luciano Bossina<\/a>)<\/p>\n<p class=\"MsoNormal\" style=\"text-align: justify; text-justify: inter-ideograph;\"><a href=\"http:\/\/www.radio3.rai.it\/dl\/radio3\/programmi\/puntata\/ContentItem-713200d6-cca5-4ac7-b7c4-067fb9e8ed72.html\">L&#8217;Autore a Radio3<\/a><\/p>\n","protected":false},"excerpt":{"rendered":"<p>Premessa d\u2019obbligo: anche l\u2019Autore \u00e8 cosciente del rischio che la sua ricostruzione venga travolta nel turbine del puro intrattenimento e delle tante ipotesi alla Voyager. Tuttavia, \u00e8 evidente \u201cche se non si vuole bloccare il progresso delle conoscenze una tesi non pu\u00f2 essere rifiutata in quanto gi\u00e0 \u2018screditata\u2019, se emergono argomenti nuovi a suo sostegno\u201d <a href='http:\/\/fulviocortese.it\/?p=1720'>[&#8230;]<\/a><\/p>\n","protected":false},"author":1,"featured_media":0,"comment_status":"closed","ping_status":"open","sticky":false,"template":"","format":"standard","meta":{"footnotes":""},"categories":[1],"tags":[308,310,307,58,99,309],"class_list":["post-1720","post","type-post","status-publish","format-standard","hentry","category-biblio","tag-america","tag-eratostene","tag-geografia","tag-saggio","tag-scienza","tag-tolomeo","category-1-id","post-seq-1","post-parity-odd","full-content"],"_links":{"self":[{"href":"http:\/\/fulviocortese.it\/index.php?rest_route=\/wp\/v2\/posts\/1720","targetHints":{"allow":["GET"]}}],"collection":[{"href":"http:\/\/fulviocortese.it\/index.php?rest_route=\/wp\/v2\/posts"}],"about":[{"href":"http:\/\/fulviocortese.it\/index.php?rest_route=\/wp\/v2\/types\/post"}],"author":[{"embeddable":true,"href":"http:\/\/fulviocortese.it\/index.php?rest_route=\/wp\/v2\/users\/1"}],"replies":[{"embeddable":true,"href":"http:\/\/fulviocortese.it\/index.php?rest_route=%2Fwp%2Fv2%2Fcomments&post=1720"}],"version-history":[{"count":4,"href":"http:\/\/fulviocortese.it\/index.php?rest_route=\/wp\/v2\/posts\/1720\/revisions"}],"predecessor-version":[{"id":1724,"href":"http:\/\/fulviocortese.it\/index.php?rest_route=\/wp\/v2\/posts\/1720\/revisions\/1724"}],"wp:attachment":[{"href":"http:\/\/fulviocortese.it\/index.php?rest_route=%2Fwp%2Fv2%2Fmedia&parent=1720"}],"wp:term":[{"taxonomy":"category","embeddable":true,"href":"http:\/\/fulviocortese.it\/index.php?rest_route=%2Fwp%2Fv2%2Fcategories&post=1720"},{"taxonomy":"post_tag","embeddable":true,"href":"http:\/\/fulviocortese.it\/index.php?rest_route=%2Fwp%2Fv2%2Ftags&post=1720"}],"curies":[{"name":"wp","href":"https:\/\/api.w.org\/{rel}","templated":true}]}}