{"id":1585,"date":"2013-07-25T08:10:06","date_gmt":"2013-07-25T06:10:06","guid":{"rendered":"http:\/\/fulviocortese.it\/?p=1585"},"modified":"2013-07-30T23:33:38","modified_gmt":"2013-07-30T21:33:38","slug":"altre-stelle-uruguayane-stefano-marelli","status":"publish","type":"post","link":"http:\/\/fulviocortese.it\/?p=1585","title":{"rendered":"Altre stelle uruguayane (Stefano Marelli)"},"content":{"rendered":"<p><!--[if gte mso 9]><xml>\n<w:WordDocument>\n<w:View>Normal<\/w:View>\n<w:Zoom>0<\/w:Zoom>\n<w:HyphenationZone>14<\/w:HyphenationZone>\n<w:Compatibility>\n<w:BreakWrappedTables\/>\n<w:SnapToGridInCell\/>\n<w:ApplyBreakingRules\/>\n<w:WrapTextWithPunct\/>\n<w:UseAsianBreakRules\/>\n<w:UseFELayout\/>\n<\/w:Compatibility>\n<w:BrowserLevel>MicrosoftInternetExplorer4<\/w:BrowserLevel>\n<\/w:WordDocument>\n<\/xml><![endif]--><\/p>\n<p><!--[if gte mso 10]>\n\n\n\n<style>\n \/* Style Definitions *\/\n table.MsoNormalTable\n\t{mso-style-name:\"Tabella normale\";\n\tmso-tstyle-rowband-size:0;\n\tmso-tstyle-colband-size:0;\n\tmso-style-noshow:yes;\n\tmso-style-parent:\"\";\n\tmso-padding-alt:0cm 5.4pt 0cm 5.4pt;\n\tmso-para-margin:0cm;\n\tmso-para-margin-bottom:.0001pt;\n\tmso-pagination:widow-orphan;\n\tfont-size:10.0pt;\n\tfont-family:\"Times New Roman\";\n\tmso-fareast-font-family:\"Times New Roman\";}\n<\/style>\n\n<![endif]--><\/p>\n<p class=\"MsoNormal\" style=\"text-align: justify; text-justify: inter-ideograph;\"><a href=\"http:\/\/www.store.rubbettinoeditore.it\/altre-stelle-uruguayane.html\"><img loading=\"lazy\" decoding=\"async\" class=\"alignleft\" alt=\"\" src=\"http:\/\/www.store.rubbettinoeditore.it\/media\/catalog\/product\/cache\/1\/image\/9df78eab33525d08d6e5fb8d27136e95\/9\/7\/9788849837957_13e0245_marelli_piatto_150_1_.jpg\" width=\"150\" height=\"243\" \/><\/a>Il Brujo \u00e8 un vecchio zoppo, che oltre tutto \u00e8 privo di un occhio e vive da barbone, in una foresta del profondo Ecuador, riverito e temuto come uno stregone. Il giovane Sauro, italiano <em>ex turista<\/em> alla deriva, vivacchia in un villaggio l\u00ec nei pressi e si mantiene scrivendo per la tv locale i sottotitoli di vecchi programmi trash del suo Bel Paese. I due interagiscono quasi per caso, e il primo racconta presto la sua vita al secondo, e alla sua strana ed improvvisa compagna d\u2019ascolto, l\u2019eccentrica e disinibita Martina. Cos\u00ec il Brujo, <em>alias<\/em> Prudencio Picassent, <em>alias<\/em> Nesto Bordesante, antico fenomeno del calcio uruguagio, svela al suo uditorio gli episodi salienti, i segreti dolorosi e le tante peripezie di una esistenza passata tra la pampa e i campi da calcio, ma anche tra vizi e successi che negli anni Trenta solo un talento cristallino e un forte profilo guascone potevano dischiudere ad un orfano, in Sudamerica come nell\u2019Italia fascista. Il resto \u00e8 lo svolgimento scanzonato di un racconto che attraversa il secondo conflitto mondiale e che si interrompe sul pi\u00f9 bello nel modo pi\u00f9 naturale e spontaneo, come se si trattasse di una vicenda normale e <em>vera<\/em>.<\/p>\n<p class=\"MsoNormal\" style=\"text-align: justify; text-justify: inter-ideograph;\"><!--[if gte mso 9]><xml>\n<w:WordDocument>\n<w:View>Normal<\/w:View>\n<w:Zoom>0<\/w:Zoom>\n<w:HyphenationZone>14<\/w:HyphenationZone>\n<w:Compatibility>\n<w:BreakWrappedTables\/>\n<w:SnapToGridInCell\/>\n<w:ApplyBreakingRules\/>\n<w:WrapTextWithPunct\/>\n<w:UseAsianBreakRules\/>\n<w:UseFELayout\/>\n<\/w:Compatibility>\n<w:BrowserLevel>MicrosoftInternetExplorer4<\/w:BrowserLevel>\n<\/w:WordDocument>\n<\/xml><![endif]--><\/p>\n<p class=\"MsoNormal\" style=\"text-align: justify; text-justify: inter-ideograph;\"><!--[if gte mso 10]><\/p>\n\n\n\n\n\n<style>\n \/* Style Definitions *\/\n table.MsoNormalTable\n\t{mso-style-name:\"Tabella normale\";\n\tmso-tstyle-rowband-size:0;\n\tmso-tstyle-colband-size:0;\n\tmso-style-noshow:yes;\n\tmso-style-parent:\"\";\n\tmso-padding-alt:0cm 5.4pt 0cm 5.4pt;\n\tmso-para-margin:0cm;\n\tmso-para-margin-bottom:.0001pt;\n\tmso-pagination:widow-orphan;\n\tfont-size:10.0pt;\n\tfont-family:\"Times New Roman\";\n\tmso-fareast-font-family:\"Times New Roman\";}\n<\/style>\n\n<![endif]--><\/p>\n<p class=\"MsoNormal\" style=\"text-align: justify; text-justify: inter-ideograph;\">La verit\u00e0, per\u00f2, spunta solo sullo scenario storico e geografico che fa da contorno alla trama, perch\u00e9 il Brujo, \u00a0il protagonista con cui interagisce Sauro, <em>alter ego<\/em> dell\u2019Autore, \u00e8 pura invenzione, come lo sono le identit\u00e0 dietro le quali ha vissuto tutte le sue avventure. Il bello di questo esordio \u2013 che ha vinto il Premio <a href=\"http:\/\/www.premiochimirri.it\/\">\u201cParole nel Vento\u201d<\/a> 2013 \u2013 sta tutto qui: la voce della fantasia \u00e8 lasciata libera di scorrere, senza infingimenti e senza gabbie, e con un risultato finale di sincero appagamento, che tale dev\u2019essere stato anche per lo scrittore. Non \u00e8 un romanzo \u201calla Soriano\u201d, non ci sono lezioni o morali da assumere o da contemplare, se non quelle elementari che soltanto i puri e semplici accadimenti possono insegnare. Se dovessimo tentare un raffronto, allora oseremmo evocare un felice disimpegno <em>made in<\/em> Salgari, augurandoci la stessa prolifica continuit\u00e0. Anche se tempi e intrecci sono assai diversi, ed anche se Marelli dimostra una spiccata sete d&#8217;ironia, che quasi lo porta, al termine del romanzo, a fare il verso a se stesso. Per ora, ad ogni modo, c\u2019\u00e8 senso del ritmo, della <em>fabula<\/em> e del suo intrinseco incanto: e tanto basta a riconoscere i segni di una credibilit\u00e0 letteraria a tutto tondo.<\/p>\n<p class=\"MsoNormal\" style=\"text-align: justify; text-justify: inter-ideograph;\">Recensioni (di <a href=\"http:\/\/www.rubbettinoeditore.it\/news\/1529-il-futbol-e-altre-stelle-uruguayane.html\">Nicola Fiorita<\/a> e di <a href=\"http:\/\/www.corriere.it\/sette\/13_maggio_30\/2013-22-libri_b69782d2-c927-11e2-b696-db4a64575c16.shtml\">Antonio D&#8217;Orrico<\/a>)<\/p>\n<p><a href=\"http:\/\/spettacoli.tiscali.it\/articoli\/libri\/13\/06\/altre-stelle-uruguayane-intervista-stefano-marelli.html\">Un&#8217;intervista all&#8217;Autore<\/a><\/p>\n","protected":false},"excerpt":{"rendered":"<p>Il Brujo \u00e8 un vecchio zoppo, che oltre tutto \u00e8 privo di un occhio e vive da barbone, in una foresta del profondo Ecuador, riverito e temuto come uno stregone. Il giovane Sauro, italiano ex turista alla deriva, vivacchia in un villaggio l\u00ec nei pressi e si mantiene scrivendo per la tv locale i sottotitoli <a href='http:\/\/fulviocortese.it\/?p=1585'>[&#8230;]<\/a><\/p>\n","protected":false},"author":1,"featured_media":0,"comment_status":"closed","ping_status":"open","sticky":false,"template":"","format":"standard","meta":{"footnotes":""},"categories":[1],"tags":[300,84,71,230,38],"class_list":["post-1585","post","type-post","status-publish","format-standard","hentry","category-biblio","tag-america-latina","tag-calcio","tag-fascismo","tag-italia","tag-romanzo","category-1-id","post-seq-1","post-parity-odd","full-content"],"_links":{"self":[{"href":"http:\/\/fulviocortese.it\/index.php?rest_route=\/wp\/v2\/posts\/1585","targetHints":{"allow":["GET"]}}],"collection":[{"href":"http:\/\/fulviocortese.it\/index.php?rest_route=\/wp\/v2\/posts"}],"about":[{"href":"http:\/\/fulviocortese.it\/index.php?rest_route=\/wp\/v2\/types\/post"}],"author":[{"embeddable":true,"href":"http:\/\/fulviocortese.it\/index.php?rest_route=\/wp\/v2\/users\/1"}],"replies":[{"embeddable":true,"href":"http:\/\/fulviocortese.it\/index.php?rest_route=%2Fwp%2Fv2%2Fcomments&post=1585"}],"version-history":[{"count":14,"href":"http:\/\/fulviocortese.it\/index.php?rest_route=\/wp\/v2\/posts\/1585\/revisions"}],"predecessor-version":[{"id":1597,"href":"http:\/\/fulviocortese.it\/index.php?rest_route=\/wp\/v2\/posts\/1585\/revisions\/1597"}],"wp:attachment":[{"href":"http:\/\/fulviocortese.it\/index.php?rest_route=%2Fwp%2Fv2%2Fmedia&parent=1585"}],"wp:term":[{"taxonomy":"category","embeddable":true,"href":"http:\/\/fulviocortese.it\/index.php?rest_route=%2Fwp%2Fv2%2Fcategories&post=1585"},{"taxonomy":"post_tag","embeddable":true,"href":"http:\/\/fulviocortese.it\/index.php?rest_route=%2Fwp%2Fv2%2Ftags&post=1585"}],"curies":[{"name":"wp","href":"https:\/\/api.w.org\/{rel}","templated":true}]}}