{"id":1572,"date":"2013-07-21T09:09:37","date_gmt":"2013-07-21T07:09:37","guid":{"rendered":"http:\/\/fulviocortese.it\/?p=1572"},"modified":"2013-07-21T09:09:37","modified_gmt":"2013-07-21T07:09:37","slug":"i-mercanti-di-stampe-proibite-paolo-malaguti","status":"publish","type":"post","link":"http:\/\/fulviocortese.it\/?p=1572","title":{"rendered":"I mercanti di stampe proibite (Paolo Malaguti)"},"content":{"rendered":"<p><!--[if gte mso 9]><xml>\n<w:WordDocument>\n<w:View>Normal<\/w:View>\n<w:Zoom>0<\/w:Zoom>\n<w:HyphenationZone>14<\/w:HyphenationZone>\n<w:Compatibility>\n<w:BreakWrappedTables\/>\n<w:SnapToGridInCell\/>\n<w:ApplyBreakingRules\/>\n<w:WrapTextWithPunct\/>\n<w:UseAsianBreakRules\/>\n<w:UseFELayout\/>\n<\/w:Compatibility>\n<w:BrowserLevel>MicrosoftInternetExplorer4<\/w:BrowserLevel>\n<\/w:WordDocument>\n<\/xml><![endif]--><\/p>\n<p><!--[if gte mso 10]>\n\n\n\n<style>\n \/* Style Definitions *\/\n table.MsoNormalTable\n\t{mso-style-name:\"Tabella normale\";\n\tmso-tstyle-rowband-size:0;\n\tmso-tstyle-colband-size:0;\n\tmso-style-noshow:yes;\n\tmso-style-parent:\"\";\n\tmso-padding-alt:0cm 5.4pt 0cm 5.4pt;\n\tmso-para-margin:0cm;\n\tmso-para-margin-bottom:.0001pt;\n\tmso-pagination:widow-orphan;\n\tfont-size:10.0pt;\n\tfont-family:\"Times New Roman\";\n\tmso-fareast-font-family:\"Times New Roman\";}\n<\/style>\n\n<![endif]--><\/p>\n<p class=\"MsoNormal\" style=\"text-align: justify; text-justify: inter-ideograph;\"><a href=\"http:\/\/santiquaranta.dyndns.biz\/pag\/Content.aspx?vl=9&amp;vd=211\"><img loading=\"lazy\" decoding=\"async\" class=\"alignleft\" alt=\"\" src=\"http:\/\/santiquaranta.dyndns.biz\/imguser\/Mercanti%20stampe%20proibite%201.jpg\" width=\"126\" height=\"200\" \/><\/a>Le strade che percorriamo usualmente potrebbero raccontarci storie che non ci aspettiamo. Un tempo quelle strade erano al centro del mondo, forse di pi\u00f9 di quanto non lo siano oggi. Intersecavano importanti itinerari di commercio, attraversavano confini di regni e di imperi, aprivano la via a viaggi lunghissimi e talvolta transoceanici. \u00c8 su queste rotte che Malaguti colloca le avventure dei suoi umili <a href=\"http:\/\/www.museibassano.it\/Palazzo-Sturm\/Museo-della-Stampa-Remondini\/I-Tesini\">perteganti tesini<\/a>, in un Settecento che ci appare talmente complesso e <i>glocale<\/i> da poter stupire il pi\u00f9 attento osservatore contemporaneo. E cos\u00ec anche Pieve Tesino, la Valsugana e la citt\u00e0 di Bassano del Grappa riemergono in una vicenda che, senza concedere troppo alla fantasia, si rivela presto degna di Wikileaks e dei pi\u00f9 pericolosi intrighi internazionali.<\/p>\n<p class=\"MsoNormal\" style=\"text-align: justify; text-justify: inter-ideograph;\">Sebastiano Gecele, come tanti suoi conterranei del Tesino, vende in tutta Europa le stampe prodotte dalla rinomata ditta della famiglia <a href=\"http:\/\/www.treccani.it\/enciclopedia\/remondini\/\">Remondini<\/a>. Ma questa attivit\u00e0 lo porta anche nel Nuovo Mondo, dove impara a conoscere che il suo piccolo commercio pu\u00f2 anche veicolare messaggi pericolosi, dal potente significato politico. Lo smercio di una stampa, in particolare, un\u2019allusiva raffigurazione del <a href=\"http:\/\/3.bp.blogspot.com\/-_PUuB_xnc3s\/UZ9oyLU8xLI\/AAAAAAAAANg\/in5uIsOPSSY\/s640\/MPD_21_069.jpg \">giudizio universale<\/a>, lo mette nei guai, ed \u00e8 costretto a sparire, abbandonando la sua gi\u00e0 lontana famiglia. A distanza di qualche anno, il figlio Antonio, che si sta apprestando ad affrontare lo stesso mestiere del padre sotto la guida del vecchio Grimo, va alla ricerca di Sebastiano, in una missione che gli far\u00e0 scoprire un grande amore, e dalla quale dipenderanno le sorti dei Remondini e delle relazioni diplomatiche tra la Repubblica di Venezia, il Papato e le Corone di Spagna e di Francia.<\/p>\n<p class=\"MsoNormal\" style=\"text-align: justify; text-justify: inter-ideograph;\"><!--[if gte mso 9]><xml>\n<w:WordDocument>\n<w:View>Normal<\/w:View>\n<w:Zoom>0<\/w:Zoom>\n<w:HyphenationZone>14<\/w:HyphenationZone>\n<w:Compatibility>\n<w:BreakWrappedTables\/>\n<w:SnapToGridInCell\/>\n<w:ApplyBreakingRules\/>\n<w:WrapTextWithPunct\/>\n<w:UseAsianBreakRules\/>\n<w:UseFELayout\/>\n<\/w:Compatibility>\n<w:BrowserLevel>MicrosoftInternetExplorer4<\/w:BrowserLevel>\n<\/w:WordDocument>\n<\/xml><![endif]--><\/p>\n<p class=\"MsoNormal\" style=\"text-align: justify; text-justify: inter-ideograph;\"><!--[if gte mso 10]><\/p>\n\n\n\n\n\n<style>\n \/* Style Definitions *\/\n table.MsoNormalTable\n\t{mso-style-name:\"Tabella normale\";\n\tmso-tstyle-rowband-size:0;\n\tmso-tstyle-colband-size:0;\n\tmso-style-noshow:yes;\n\tmso-style-parent:\"\";\n\tmso-padding-alt:0cm 5.4pt 0cm 5.4pt;\n\tmso-para-margin:0cm;\n\tmso-para-margin-bottom:.0001pt;\n\tmso-pagination:widow-orphan;\n\tfont-size:10.0pt;\n\tfont-family:\"Times New Roman\";\n\tmso-fareast-font-family:\"Times New Roman\";}\n<\/style>\n\n<![endif]--><\/p>\n<p class=\"MsoNormal\" style=\"text-align: justify; text-justify: inter-ideograph;\">Questo secondo romanzo rappresenta un momento di crescita per Paolo Malaguti, che si cimenta con un genere diverso da quelli sperimentati finora con ottimi riscontri. Tuttavia la cifra di questo Autore \u00e8 rimasta intatta, e la ritroviamo, in particolare, nella contaminazione linguistica tra italiano e dialetto locale, nella preferenza per il tema storico e per il punto di vista dei pi\u00f9 piccoli protagonisti, nell\u2019amore per la profonda semplicit\u00e0 della cultura contadina e nella predilezione per il rapporto padre-figlio e per quella delicatissima fase della vita che segna il principio della maturit\u00e0. Da quest\u2019ultimo punto di vista, <i>I mercanti di stampe proibite<\/i> ripete da vicino lo schema de <a href=\"http:\/\/fulviocortese.it\/?p=881 \"><i>Sul Grappa dopo la vittoria<\/i><\/a>. Ma non \u00e8 mancanza di originalit\u00e0, e qualunque lettore pu\u00f2 presto accorgersi del sincero e spontaneo affetto che lo scrittore prova per situazioni e figure che, proprio in quanto esemplari, continuano a suscitare naturalmente anche la nostra simpatia.<\/p>\n<p class=\"MsoNormal\" style=\"text-align: justify; text-justify: inter-ideograph;\"><a href=\"http:\/\/paolo-malaguti.blogspot.it\/\">Il blog dell&#8217;Autore<\/a><\/p>\n","protected":false},"excerpt":{"rendered":"<p>Le strade che percorriamo usualmente potrebbero raccontarci storie che non ci aspettiamo. Un tempo quelle strade erano al centro del mondo, forse di pi\u00f9 di quanto non lo siano oggi. Intersecavano importanti itinerari di commercio, attraversavano confini di regni e di imperi, aprivano la via a viaggi lunghissimi e talvolta transoceanici. \u00c8 su queste rotte <a href='http:\/\/fulviocortese.it\/?p=1572'>[&#8230;]<\/a><\/p>\n","protected":false},"author":1,"featured_media":0,"comment_status":"closed","ping_status":"open","sticky":false,"template":"","format":"standard","meta":{"footnotes":""},"categories":[1],"tags":[297,38,296,294,295],"class_list":["post-1572","post","type-post","status-publish","format-standard","hentry","category-biblio","tag-remondini","tag-romanzo","tag-settecento","tag-tesino","tag-valsugana","category-1-id","post-seq-1","post-parity-odd","full-content"],"_links":{"self":[{"href":"http:\/\/fulviocortese.it\/index.php?rest_route=\/wp\/v2\/posts\/1572","targetHints":{"allow":["GET"]}}],"collection":[{"href":"http:\/\/fulviocortese.it\/index.php?rest_route=\/wp\/v2\/posts"}],"about":[{"href":"http:\/\/fulviocortese.it\/index.php?rest_route=\/wp\/v2\/types\/post"}],"author":[{"embeddable":true,"href":"http:\/\/fulviocortese.it\/index.php?rest_route=\/wp\/v2\/users\/1"}],"replies":[{"embeddable":true,"href":"http:\/\/fulviocortese.it\/index.php?rest_route=%2Fwp%2Fv2%2Fcomments&post=1572"}],"version-history":[{"count":7,"href":"http:\/\/fulviocortese.it\/index.php?rest_route=\/wp\/v2\/posts\/1572\/revisions"}],"predecessor-version":[{"id":1579,"href":"http:\/\/fulviocortese.it\/index.php?rest_route=\/wp\/v2\/posts\/1572\/revisions\/1579"}],"wp:attachment":[{"href":"http:\/\/fulviocortese.it\/index.php?rest_route=%2Fwp%2Fv2%2Fmedia&parent=1572"}],"wp:term":[{"taxonomy":"category","embeddable":true,"href":"http:\/\/fulviocortese.it\/index.php?rest_route=%2Fwp%2Fv2%2Fcategories&post=1572"},{"taxonomy":"post_tag","embeddable":true,"href":"http:\/\/fulviocortese.it\/index.php?rest_route=%2Fwp%2Fv2%2Ftags&post=1572"}],"curies":[{"name":"wp","href":"https:\/\/api.w.org\/{rel}","templated":true}]}}