{"id":1391,"date":"2013-06-01T21:27:06","date_gmt":"2013-06-01T20:27:06","guid":{"rendered":"http:\/\/fulviocortese.it\/?p=1391"},"modified":"2013-06-08T11:09:55","modified_gmt":"2013-06-08T10:09:55","slug":"perche-a-nessuno-piace-il-mio-caffe-paolo-ganz","status":"publish","type":"post","link":"http:\/\/fulviocortese.it\/?p=1391","title":{"rendered":"Perch\u00e9 a nessuno piace il mio caff\u00e8? (Paolo Ganz)"},"content":{"rendered":"<p><!--[if gte mso 9]><xml>\n<w:WordDocument>\n<w:View>Normal<\/w:View>\n<w:Zoom>0<\/w:Zoom>\n<w:HyphenationZone>14<\/w:HyphenationZone>\n<w:Compatibility>\n<w:BreakWrappedTables\/>\n<w:SnapToGridInCell\/>\n<w:ApplyBreakingRules\/>\n<w:WrapTextWithPunct\/>\n<w:UseAsianBreakRules\/>\n<w:UseFELayout\/>\n<\/w:Compatibility>\n<w:BrowserLevel>MicrosoftInternetExplorer4<\/w:BrowserLevel>\n<\/w:WordDocument>\n<\/xml><![endif]--><\/p>\n<p><!--[if gte mso 10]>\n\n\n\n<style>\n \/* Style Definitions *\/\n table.MsoNormalTable\n\t{mso-style-name:\"Tabella normale\";\n\tmso-tstyle-rowband-size:0;\n\tmso-tstyle-colband-size:0;\n\tmso-style-noshow:yes;\n\tmso-style-parent:\"\";\n\tmso-padding-alt:0cm 5.4pt 0cm 5.4pt;\n\tmso-para-margin:0cm;\n\tmso-para-margin-bottom:.0001pt;\n\tmso-pagination:widow-orphan;\n\tfont-size:10.0pt;\n\tfont-family:\"Times New Roman\";\n\tmso-fareast-font-family:\"Times New Roman\";}\n<\/style>\n\n<![endif]--><\/p>\n<p class=\"MsoNormal\" style=\"text-align: justify; text-justify: inter-ideograph;\"><a href=\"http:\/\/www.libreriamarcopolo.com\/search\/label\/La%20Toletta%20Edizioni \"><img loading=\"lazy\" decoding=\"async\" class=\"alignleft\" alt=\"\" src=\"http:\/\/4.bp.blogspot.com\/-NG7Pq43VQeM\/UZyMBSsz71I\/AAAAAAAAFr4\/N90_Ip0kF1M\/s400\/perch%C3%A8+a+nessuno+piace+il+mio+caffe.jpg\" width=\"208\" height=\"320\" \/><\/a>Perch\u00e9 a nessuno piace il caff\u00e8 di Denis Bortolato? La storia raccontata da Paolo Ganz non d\u00e0 una risposta a questa domanda, ma \u00e8 bene che il quesito resti ancora irrisolto, perch\u00e9 ad essere tutto da chiarire \u00e8 il destino di questo nuovo e simpatico personaggio. Che \u00e8 alla prima tappa di una vera e propria trilogia, e che assume i lineamenti del <i>migliore<\/i> degli eroi, che anche quando <i>vince<\/i> finisce comunque per soccombere e per dover <i>ricominciare<\/i> tutto da zero. Ma, per l\u2019appunto, va bene cos\u00ec: l\u2019esordio di questa singolare figura di ex galeotto ha il sapore di un secondo battesimo, di un\u2019occasione per tentare una nuova vita e per soddisfare una nuova coscienza di s\u00e9.<\/p>\n<p class=\"MsoNormal\" style=\"text-align: justify; text-justify: inter-ideograph;\">Bortolato \u00e8 sempre stato sfortunato. Ha affrontato la galera per essersi lasciato coinvolgere in una rapina, e ora, scontata la pena, ripara cellulari fuori garanzia in un piccolo laboratorio e convive nella sua Venezia con la madre anziana e malata. Tutto sembra averlo relegato al margine di un\u2019esistenza ormai compromessa, movimentata soltanto dalle <i>avances<\/i> di una signora viziata. Ma un giorno, nella scheda della memoria di un cellulare, vede cose che non avrebbe dovuto vedere ed entra cos\u00ec in un tunnel di paura, minacce e ricatti, che lo porta a rendersi protagonista di una pericolosa spedizione, seguito a vista da un perspicace commissario di polizia. Bortolato, quindi, ha occasione di <i>crescere<\/i>: fa esperienza di passioni sconosciute; apprende le terribili vicende di conflitti troppo a lungo dimenticati; rischia la vita e <i>salta<\/i> dall\u2019altra parte, come se avesse dimostrato, all\u2019improvviso, di essere un degno \u201cfiglio\u201d del vecchio Duilio Benussi, l\u2019anziano custode che ha voluto fargli da \u201cpadre\u201d nonostante il segreto che si apprende solo nelle ultime pagine del libro.<\/p>\n<p class=\"MsoNormal\" style=\"text-align: justify; text-justify: inter-ideograph;\"><!--[if gte mso 9]><xml>\n<w:WordDocument>\n<w:View>Normal<\/w:View>\n<w:Zoom>0<\/w:Zoom>\n<w:HyphenationZone>14<\/w:HyphenationZone>\n<w:Compatibility>\n<w:BreakWrappedTables\/>\n<w:SnapToGridInCell\/>\n<w:ApplyBreakingRules\/>\n<w:WrapTextWithPunct\/>\n<w:UseAsianBreakRules\/>\n<w:UseFELayout\/>\n<\/w:Compatibility>\n<w:BrowserLevel>MicrosoftInternetExplorer4<\/w:BrowserLevel>\n<\/w:WordDocument>\n<\/xml><![endif]--><\/p>\n<p class=\"MsoNormal\" style=\"text-align: justify; text-justify: inter-ideograph;\"><!--[if gte mso 10]><\/p>\n\n\n\n\n\n<style>\n \/* Style Definitions *\/\n table.MsoNormalTable\n\t{mso-style-name:\"Tabella normale\";\n\tmso-tstyle-rowband-size:0;\n\tmso-tstyle-colband-size:0;\n\tmso-style-noshow:yes;\n\tmso-style-parent:\"\";\n\tmso-padding-alt:0cm 5.4pt 0cm 5.4pt;\n\tmso-para-margin:0cm;\n\tmso-para-margin-bottom:.0001pt;\n\tmso-pagination:widow-orphan;\n\tfont-size:10.0pt;\n\tfont-family:\"Times New Roman\";\n\tmso-fareast-font-family:\"Times New Roman\";}\n<\/style>\n\n<![endif]--><\/p>\n<p class=\"MsoNormal\" style=\"text-align: justify; text-justify: inter-ideograph;\">Ci sono assaggi di Carlotto in questo romanzo, ma anche atmosfere alla Heinichen. E forse, quindi, si pu\u00f2 avere l\u2019impressione che Ganz si sia esercitato in un po\u2019 di <i>maniera<\/i>. La lettura, per\u00f2, non stanca. L\u2019Autore <i>c\u2019\u00e8<\/i>, con il suo amore per la musica, e pure Venezia \u00e8 quella reale, tra le immagini \u2013 e gli odori, e i sapori \u2013 della sua pi\u00f9 attuale quotidianit\u00e0 e gli sprazzi sempre affascinanti di una citt\u00e0 chiamata a restare <i>particolare<\/i>. Ettore Premoli e la sua squadra di poliziotti bene assortiti non sono da meno; e la stessa cosa si pu\u00f2 dire per le due belle figure dell\u2019enigmatica Donata Drescig e della stranissima e \u201cstregonesca\u201d Ada. I puristi potrebbero obiettare che Ganz non \u00e8 esente da qualche difetto di scrittura. Tuttavia \u00e8 bello fantasticare anche su questo profilo: che ce lo rende pi\u00f9 autentico, nella sua dimensione, ostinatamente voluta, di perfetto e disordinato autodidatta, che, come la <i>maschera<\/i> che si \u00e8 inventato per mezzo di Bortolato, non pu\u00f2 che tendere a migliorarsi e a convincerci nuovamente.<\/p>\n<p class=\"MsoNormal\" style=\"text-align: justify; text-justify: inter-ideograph;\"><!--[if gte mso 9]><xml>\n<w:WordDocument>\n<w:View>Normal<\/w:View>\n<w:Zoom>0<\/w:Zoom>\n<w:HyphenationZone>14<\/w:HyphenationZone>\n<w:Compatibility>\n<w:BreakWrappedTables\/>\n<w:SnapToGridInCell\/>\n<w:ApplyBreakingRules\/>\n<w:WrapTextWithPunct\/>\n<w:UseAsianBreakRules\/>\n<w:UseFELayout\/>\n<\/w:Compatibility>\n<w:BrowserLevel>MicrosoftInternetExplorer4<\/w:BrowserLevel>\n<\/w:WordDocument>\n<\/xml><![endif]--><\/p>\n<p class=\"MsoNormal\" style=\"text-align: justify; text-justify: inter-ideograph;\"><!--[if gte mso 10]><\/p>\n\n\n\n\n\n<style>\n \/* Style Definitions *\/\n table.MsoNormalTable\n\t{mso-style-name:\"Tabella normale\";\n\tmso-tstyle-rowband-size:0;\n\tmso-tstyle-colband-size:0;\n\tmso-style-noshow:yes;\n\tmso-style-parent:\"\";\n\tmso-padding-alt:0cm 5.4pt 0cm 5.4pt;\n\tmso-para-margin:0cm;\n\tmso-para-margin-bottom:.0001pt;\n\tmso-pagination:widow-orphan;\n\tfont-size:10.0pt;\n\tfont-family:\"Times New Roman\";\n\tmso-fareast-font-family:\"Times New Roman\";}\n<\/style>\n\n<![endif]--><\/p>\n<p class=\"MsoNormal\" style=\"text-align: justify; text-justify: inter-ideograph;\"><a href=\"http:\/\/www.youtube.com\/watch?v=9CfawmIsryE\">Una presentazione del libro<\/a><\/p>\n<p class=\"MsoNormal\" style=\"text-align: justify; text-justify: inter-ideograph;\"><!--[if gte mso 9]><xml>\n<w:WordDocument>\n<w:View>Normal<\/w:View>\n<w:Zoom>0<\/w:Zoom>\n<w:HyphenationZone>14<\/w:HyphenationZone>\n<w:Compatibility>\n<w:BreakWrappedTables\/>\n<w:SnapToGridInCell\/>\n<w:ApplyBreakingRules\/>\n<w:WrapTextWithPunct\/>\n<w:UseAsianBreakRules\/>\n<w:UseFELayout\/>\n<\/w:Compatibility>\n<w:BrowserLevel>MicrosoftInternetExplorer4<\/w:BrowserLevel>\n<\/w:WordDocument>\n<\/xml><![endif]--><\/p>\n<p class=\"MsoNormal\" style=\"text-align: justify; text-justify: inter-ideograph;\"><!--[if gte mso 10]><\/p>\n\n\n\n\n\n<style>\n \/* Style Definitions *\/\n table.MsoNormalTable\n\t{mso-style-name:\"Tabella normale\";\n\tmso-tstyle-rowband-size:0;\n\tmso-tstyle-colband-size:0;\n\tmso-style-noshow:yes;\n\tmso-style-parent:\"\";\n\tmso-padding-alt:0cm 5.4pt 0cm 5.4pt;\n\tmso-para-margin:0cm;\n\tmso-para-margin-bottom:.0001pt;\n\tmso-pagination:widow-orphan;\n\tfont-size:10.0pt;\n\tfont-family:\"Times New Roman\";\n\tmso-fareast-font-family:\"Times New Roman\";}\n<\/style>\n\n<![endif]--><\/p>\n<p class=\"MsoNormal\" style=\"text-align: justify; text-justify: inter-ideograph;\"><a href=\"http:\/\/www.paologanz.it\/ \">Il sito dell\u2019Autore<\/a><\/p>\n<p class=\"MsoNormal\" style=\"text-align: justify; text-justify: inter-ideograph;\"><!--[if gte mso 9]><xml>\n<w:WordDocument>\n<w:View>Normal<\/w:View>\n<w:Zoom>0<\/w:Zoom>\n<w:HyphenationZone>14<\/w:HyphenationZone>\n<w:Compatibility>\n<w:BreakWrappedTables\/>\n<w:SnapToGridInCell\/>\n<w:ApplyBreakingRules\/>\n<w:WrapTextWithPunct\/>\n<w:UseAsianBreakRules\/>\n<w:UseFELayout\/>\n<\/w:Compatibility>\n<w:BrowserLevel>MicrosoftInternetExplorer4<\/w:BrowserLevel>\n<\/w:WordDocument>\n<\/xml><![endif]--><\/p>\n<p class=\"MsoNormal\" style=\"text-align: justify; text-justify: inter-ideograph;\"><!--[if gte mso 10]><\/p>\n\n\n\n\n\n<style>\n \/* Style Definitions *\/\n table.MsoNormalTable\n\t{mso-style-name:\"Tabella normale\";\n\tmso-tstyle-rowband-size:0;\n\tmso-tstyle-colband-size:0;\n\tmso-style-noshow:yes;\n\tmso-style-parent:\"\";\n\tmso-padding-alt:0cm 5.4pt 0cm 5.4pt;\n\tmso-para-margin:0cm;\n\tmso-para-margin-bottom:.0001pt;\n\tmso-pagination:widow-orphan;\n\tfont-size:10.0pt;\n\tfont-family:\"Times New Roman\";\n\tmso-fareast-font-family:\"Times New Roman\";}\n<\/style>\n\n<![endif]--><\/p>\n<p class=\"MsoNormal\" style=\"text-align: justify; text-justify: inter-ideograph;\"><a href=\"http:\/\/www.youtube.com\/watch?v=4qGo-3lnt5w \">Dalla \u201ccolonna sonora\u201d del libro: <i>Con dos camas vac\u00edas<\/i>, di Joaqu\u00edn Sabina<\/a><\/p>\n<p class=\"MsoNormal\" style=\"text-align: justify; text-justify: inter-ideograph;\">\n","protected":false},"excerpt":{"rendered":"<p>Perch\u00e9 a nessuno piace il caff\u00e8 di Denis Bortolato? La storia raccontata da Paolo Ganz non d\u00e0 una risposta a questa domanda, ma \u00e8 bene che il quesito resti ancora irrisolto, perch\u00e9 ad essere tutto da chiarire \u00e8 il destino di questo nuovo e simpatico personaggio. Che \u00e8 alla prima tappa di una vera e <a href='http:\/\/fulviocortese.it\/?p=1391'>[&#8230;]<\/a><\/p>\n","protected":false},"author":1,"featured_media":0,"comment_status":"closed","ping_status":"open","sticky":false,"template":"","format":"standard","meta":{"footnotes":""},"categories":[1],"tags":[287,34,55,38,118,177],"class_list":["post-1391","post","type-post","status-publish","format-standard","hentry","category-biblio","tag-istria","tag-memoria","tag-musica","tag-romanzo","tag-storia","tag-venezia","category-1-id","post-seq-1","post-parity-odd","full-content"],"_links":{"self":[{"href":"http:\/\/fulviocortese.it\/index.php?rest_route=\/wp\/v2\/posts\/1391","targetHints":{"allow":["GET"]}}],"collection":[{"href":"http:\/\/fulviocortese.it\/index.php?rest_route=\/wp\/v2\/posts"}],"about":[{"href":"http:\/\/fulviocortese.it\/index.php?rest_route=\/wp\/v2\/types\/post"}],"author":[{"embeddable":true,"href":"http:\/\/fulviocortese.it\/index.php?rest_route=\/wp\/v2\/users\/1"}],"replies":[{"embeddable":true,"href":"http:\/\/fulviocortese.it\/index.php?rest_route=%2Fwp%2Fv2%2Fcomments&post=1391"}],"version-history":[{"count":9,"href":"http:\/\/fulviocortese.it\/index.php?rest_route=\/wp\/v2\/posts\/1391\/revisions"}],"predecessor-version":[{"id":1397,"href":"http:\/\/fulviocortese.it\/index.php?rest_route=\/wp\/v2\/posts\/1391\/revisions\/1397"}],"wp:attachment":[{"href":"http:\/\/fulviocortese.it\/index.php?rest_route=%2Fwp%2Fv2%2Fmedia&parent=1391"}],"wp:term":[{"taxonomy":"category","embeddable":true,"href":"http:\/\/fulviocortese.it\/index.php?rest_route=%2Fwp%2Fv2%2Fcategories&post=1391"},{"taxonomy":"post_tag","embeddable":true,"href":"http:\/\/fulviocortese.it\/index.php?rest_route=%2Fwp%2Fv2%2Ftags&post=1391"}],"curies":[{"name":"wp","href":"https:\/\/api.w.org\/{rel}","templated":true}]}}