{"id":1247,"date":"2013-04-21T11:10:07","date_gmt":"2013-04-21T10:10:07","guid":{"rendered":"http:\/\/fulviocortese.it\/?p=1247"},"modified":"2013-04-21T11:10:32","modified_gmt":"2013-04-21T10:10:32","slug":"la-speculazione-edilizia-italo-calvino","status":"publish","type":"post","link":"http:\/\/fulviocortese.it\/?p=1247","title":{"rendered":"La speculazione edilizia (Italo Calvino)"},"content":{"rendered":"<p><!--[if gte mso 9]><xml>\n<w:WordDocument>\n<w:View>Normal<\/w:View>\n<w:Zoom>0<\/w:Zoom>\n<w:HyphenationZone>14<\/w:HyphenationZone>\n<w:Compatibility>\n<w:BreakWrappedTables\/>\n<w:SnapToGridInCell\/>\n<w:ApplyBreakingRules\/>\n<w:WrapTextWithPunct\/>\n<w:UseAsianBreakRules\/>\n<w:UseFELayout\/>\n<\/w:Compatibility>\n<w:BrowserLevel>MicrosoftInternetExplorer4<\/w:BrowserLevel>\n<\/w:WordDocument>\n<\/xml><![endif]--><\/p>\n<p><!--[if gte mso 10]>\n\n\n\n<style>\n \/* Style Definitions *\/\n table.MsoNormalTable\n\t{mso-style-name:\"Tabella normale\";\n\tmso-tstyle-rowband-size:0;\n\tmso-tstyle-colband-size:0;\n\tmso-style-noshow:yes;\n\tmso-style-parent:\"\";\n\tmso-padding-alt:0cm 5.4pt 0cm 5.4pt;\n\tmso-para-margin:0cm;\n\tmso-para-margin-bottom:.0001pt;\n\tmso-pagination:widow-orphan;\n\tfont-size:10.0pt;\n\tfont-family:\"Times New Roman\";}\n<\/style>\n\n<![endif]--><\/p>\n<p class=\"MsoNormal\" style=\"text-align: justify; text-justify: inter-ideograph;\"><!--[if gte mso 9]><xml>\n<w:WordDocument>\n<w:View>Normal<\/w:View>\n<w:Zoom>0<\/w:Zoom>\n<w:HyphenationZone>14<\/w:HyphenationZone>\n<w:Compatibility>\n<w:BreakWrappedTables\/>\n<w:SnapToGridInCell\/>\n<w:ApplyBreakingRules\/>\n<w:WrapTextWithPunct\/>\n<w:UseAsianBreakRules\/>\n<w:UseFELayout\/>\n<\/w:Compatibility>\n<w:BrowserLevel>MicrosoftInternetExplorer4<\/w:BrowserLevel>\n<\/w:WordDocument>\n<\/xml><![endif]--><\/p>\n<p class=\"MsoNormal\" style=\"text-align: justify; text-justify: inter-ideograph;\"><!--[if gte mso 10]><\/p>\n\n\n\n\n\n<style>\n \/* Style Definitions *\/\n table.MsoNormalTable\n\t{mso-style-name:\"Tabella normale\";\n\tmso-tstyle-rowband-size:0;\n\tmso-tstyle-colband-size:0;\n\tmso-style-noshow:yes;\n\tmso-style-parent:\"\";\n\tmso-padding-alt:0cm 5.4pt 0cm 5.4pt;\n\tmso-para-margin:0cm;\n\tmso-para-margin-bottom:.0001pt;\n\tmso-pagination:widow-orphan;\n\tfont-size:10.0pt;\n\tfont-family:\"Times New Roman\";}\n<\/style>\n\n<![endif]-->In questi giorni riesce molto opportuna la rilettura di questo lungo racconto, scritto nel 1956, pubblicato per la prima volta nel 1957 e poi integralmente rivisto nel 1958, per confluire in un autonomo volumetto solo nel 1963, con un disegno di Picasso in copertina. Lo riprendo nel primo tomo dell\u2019edizione <a href=\"http:\/\/www.ibs.it\/code\/9788804550822\/calvino-italo\/romanzi-racconti-vol.html \"><i>Romanzi e racconti<\/i><\/a> dei Meridiani Mondadori. A dieci anni dalla fine della seconda guerra mondiale, e dalle battaglie e sofferenze della Liberazione, Calvino rappresentava gi\u00e0 il senso di una complessiva e quasi irrimediabile e inconsapevole rinuncia alle ragioni che avevano animato le migliori speranze di un\u2019intera generazione e che erano diventate troppo facilmente estranee al sentire comune della societ\u00e0 italiana. Tutto era gi\u00e0 stato dimenticato? Oppure ci si era lasciati dolcemente avviluppare nello sciabord\u00eco di maree tutte nostrane e tutte inevitabilmente avvolgenti e sempre ritornanti?<\/p>\n<p class=\"MsoNormal\" style=\"text-align: justify; text-justify: inter-ideograph;\">Quinto Anfossi \u00e8 un giovane intellettuale di sinistra, che ha militato per la Resistenza e che, a conflitto esaurito, nel clima di una ricrescita economica che sta per approssimarsi, sente la necessit\u00e0 di promuovere un piccolo affare. Perch\u00e9 non valorizzare una piccola porzione della propriet\u00e0 familiare \u2013 si domanda \u2013 e costruirvi appartamenti da affittare ai sempre pi\u00f9 numerosi turisti della sua bella citt\u00e0 natale? La borghesia pi\u00f9 operosa dell\u2019incantevole localit\u00e0 rivierasca ci ha gi\u00e0 pensato da tempo; perch\u00e9, quindi, sottrarsi alla possibilit\u00e0 di mettere in moto la <i>propria<\/i> speculazione edilizia e dare, cos\u00ec, senso e concretezza ad un\u2019esistenza che si nutre, ormai, di pensieri soltanto astratti? Quinto si scopre improvvisamente determinato e trascina la madre anziana e il fratello Ampelio, un giovane e scostante assistente universitario, in un\u2019avventura fatta di progetti, di capitolati d\u2019appalto, di atti notarili, di licenze edilizie. Ma sin dall\u2019inizio si capisce che l\u2019impresa non potr\u00e0 che avere un esito infausto e che sar\u00e0, dunque, il Caisotti, il ruvido e astuto costruttore cui gli Anfossi si rivolgono, ad avere comunque la meglio. La beffa \u00e8 definitiva allorch\u00e9 Quinto, dopo aver accettato la mediazione del notabile di turno, incontra un militante della sezione locale del partito e apprende con sorpresa che la vicenda avrebbe potuto seguire un altro corso.<\/p>\n<p class=\"MsoNormal\" style=\"text-align: justify; text-justify: inter-ideograph;\">La semplicit\u00e0 della trama, come si vede, \u00e8 disarmante. La bellezza della storia \u00e8 racchiusa soprattutto nelle riflessioni ingenue del protagonista, nella sua strutturale indecisione, nel suo<i> dirsi pronto<\/i> pur essendo dichiaratamente svogliato, <i>disorientato<\/i> e disarmato. Eppure Quinto non \u00e8 privo di qualche importante, e sintomatico, momento di lucidit\u00e0. La dinamica della controversia che ben presto comincia con il Caisotti \u2013 vecchio compagno di lotta \u2013 lo porta, infatti, ad una sconsolata rivelazione: \u201cBella cura aveva fatto la societ\u00e0 italiana! Esclamava tra s\u00e9. Due partigiani, un paesano e uno studente, due che s\u2019erano ribellati insieme con l\u2019idea che l\u2019Italia fosse tutta da rifare; e adesso eccoli l\u00ec, cosa sono diventati, due che accettano il mondo com\u2019\u00e8, che tirano ai quattrini, e senza pi\u00f9 nemmeno le virt\u00f9 di una borghesia d\u2019una volta, due pasticcioni dell\u2019edilizia, e non per caso sono diventati soci d\u2019affari, e naturalmente cercano di sopraffarsi a vicenda&#8230;\u201d (pp. 862-863). Ma Quinto, da ci\u00f2, non riceve alcuno stimolo e, anche nel momento in cui la speculazione se ne sta andando dichiaratamente a rotoli, se ne sta sullo sdraio a leggere (non a caso\u2026) il <a href=\"http:\/\/www.arcojournal.unipa.it\/pdf\/ulrich_3_4_07.pdf\"><i>Felix Krull<\/i><\/a> di Thomas Mann e a fantasticare sul modo con cui approfittare delle grazie della signora Hofer, la prima prosperosa affittuaria del nuovo immobile, colei che, in verit\u00e0, si prender\u00e0 gioco dell\u2019invincibile inettitudine del Nostro.<\/p>\n<p class=\"MsoNormal\" style=\"text-align: justify; text-justify: inter-ideograph;\">\u00c8 un Calvino apparentemente insolito, molto lontano dalle <i>invenzioni<\/i> che lo hanno reso tanto celebre. \u00c8 talmente <i>vicino<\/i> alla sua esperienza pi\u00f9 prossima che dietro un\u2019ambientazione spaziale volutamente anonima si distingue palesemente il comune di San Remo, la citt\u00e0 delle sue origini familiari, e si delinea, impietosamente, il frammentario <i>gioco delle parti<\/i> cui sempre si arrende il qualunquismo atavico della societ\u00e0 italiana. Ed \u00e8 in <i>questa<\/i> societ\u00e0, del resto, che Calvino rappresenta la resa, e la critica disincantata e severa, di un ceto intellettuale e di una classe politica che sono incapaci di ritrovare e vivere nel presente le <i>radici<\/i> del loro impegno; che, lungi dal partecipare ad un <i>pratico<\/i> e condiviso sforzo di miglioramento, si improvvisano in ruoli e ambizioni scomposte che non gli dovrebbero appartenere e che non possono che travolgerli assieme alle idee e ai principi su cui tanto si sforzano di discutere.<\/p>\n<p class=\"MsoNormal\" style=\"text-align: justify; text-justify: inter-ideograph;\"><a href=\"http:\/\/www.unige.ch\/lettres\/roman\/italien\/Articles\/conferencier\/FrancescaSerra-Calvino1956.pdf\">Il Calvino <em>realista<\/em> del 1956<\/a><\/p>\n<p class=\"MsoNormal\" style=\"text-align: justify; text-justify: inter-ideograph;\"><!--[if gte mso 9]><xml>\n<w:WordDocument>\n<w:View>Normal<\/w:View>\n<w:Zoom>0<\/w:Zoom>\n<w:HyphenationZone>14<\/w:HyphenationZone>\n<w:Compatibility>\n<w:BreakWrappedTables\/>\n<w:SnapToGridInCell\/>\n<w:ApplyBreakingRules\/>\n<w:WrapTextWithPunct\/>\n<w:UseAsianBreakRules\/>\n<w:UseFELayout\/>\n<\/w:Compatibility>\n<w:BrowserLevel>MicrosoftInternetExplorer4<\/w:BrowserLevel>\n<\/w:WordDocument>\n<\/xml><![endif]--><\/p>\n<p class=\"MsoNormal\" style=\"text-align: justify; text-justify: inter-ideograph;\"><!--[if gte mso 9]><xml>\n<w:WordDocument>\n<w:View>Normal<\/w:View>\n<w:Zoom>0<\/w:Zoom>\n<w:HyphenationZone>14<\/w:HyphenationZone>\n<w:Compatibility>\n<w:BreakWrappedTables\/>\n<w:SnapToGridInCell\/>\n<w:ApplyBreakingRules\/>\n<w:WrapTextWithPunct\/>\n<w:UseAsianBreakRules\/>\n<w:UseFELayout\/>\n<\/w:Compatibility>\n<w:BrowserLevel>MicrosoftInternetExplorer4<\/w:BrowserLevel>\n<\/w:WordDocument>\n<\/xml><![endif]--><\/p>\n<p class=\"MsoNormal\" style=\"text-align: justify; text-justify: inter-ideograph;\"><!--[if gte mso 10]><\/p>\n\n\n\n\n\n<style>\n \/* Style Definitions *\/\n table.MsoNormalTable\n\t{mso-style-name:\"Tabella normale\";\n\tmso-tstyle-rowband-size:0;\n\tmso-tstyle-colband-size:0;\n\tmso-style-noshow:yes;\n\tmso-style-parent:\"\";\n\tmso-padding-alt:0cm 5.4pt 0cm 5.4pt;\n\tmso-para-margin:0cm;\n\tmso-para-margin-bottom:.0001pt;\n\tmso-pagination:widow-orphan;\n\tfont-size:10.0pt;\n\tfont-family:\"Times New Roman\";}\n<\/style>\n\n<![endif]--><\/p>\n<p class=\"MsoNormal\" style=\"text-align: justify; text-justify: inter-ideograph;\"><a href=\"http:\/\/www.italica.rai.it\/argomenti\/grandi_narratori_900\/speciale_calvino.htm \">Un percorso su Calvino (da italica.rai.it)<\/a><\/p>\n<p class=\"MsoNormal\" style=\"text-align: justify; text-justify: inter-ideograph;\"><!--[if gte mso 10]><\/p>\n\n\n\n\n\n<style>\n \/* Style Definitions *\/\n table.MsoNormalTable\n\t{mso-style-name:\"Tabella normale\";\n\tmso-tstyle-rowband-size:0;\n\tmso-tstyle-colband-size:0;\n\tmso-style-noshow:yes;\n\tmso-style-parent:\"\";\n\tmso-padding-alt:0cm 5.4pt 0cm 5.4pt;\n\tmso-para-margin:0cm;\n\tmso-para-margin-bottom:.0001pt;\n\tmso-pagination:widow-orphan;\n\tfont-size:10.0pt;\n\tfont-family:\"Times New Roman\";}\n<\/style>\n\n<![endif]--><a href=\"www.italocalvino.it \">Un sito dedicato a Calvino<\/a><\/p>\n","protected":false},"excerpt":{"rendered":"<p>In questi giorni riesce molto opportuna la rilettura di questo lungo racconto, scritto nel 1956, pubblicato per la prima volta nel 1957 e poi integralmente rivisto nel 1958, per confluire in un autonomo volumetto solo nel 1963, con un disegno di Picasso in copertina. Lo riprendo nel primo tomo dell\u2019edizione Romanzi e racconti dei Meridiani <a href='http:\/\/fulviocortese.it\/?p=1247'>[&#8230;]<\/a><\/p>\n","protected":false},"author":1,"featured_media":1258,"comment_status":"closed","ping_status":"open","sticky":false,"template":"","format":"standard","meta":{"footnotes":""},"categories":[10],"tags":[],"class_list":["post-1247","post","type-post","status-publish","format-standard","has-post-thumbnail","hentry","category-riletture","category-10-id","post-seq-1","post-parity-odd","full-content"],"_links":{"self":[{"href":"http:\/\/fulviocortese.it\/index.php?rest_route=\/wp\/v2\/posts\/1247","targetHints":{"allow":["GET"]}}],"collection":[{"href":"http:\/\/fulviocortese.it\/index.php?rest_route=\/wp\/v2\/posts"}],"about":[{"href":"http:\/\/fulviocortese.it\/index.php?rest_route=\/wp\/v2\/types\/post"}],"author":[{"embeddable":true,"href":"http:\/\/fulviocortese.it\/index.php?rest_route=\/wp\/v2\/users\/1"}],"replies":[{"embeddable":true,"href":"http:\/\/fulviocortese.it\/index.php?rest_route=%2Fwp%2Fv2%2Fcomments&post=1247"}],"version-history":[{"count":24,"href":"http:\/\/fulviocortese.it\/index.php?rest_route=\/wp\/v2\/posts\/1247\/revisions"}],"predecessor-version":[{"id":1273,"href":"http:\/\/fulviocortese.it\/index.php?rest_route=\/wp\/v2\/posts\/1247\/revisions\/1273"}],"wp:featuredmedia":[{"embeddable":true,"href":"http:\/\/fulviocortese.it\/index.php?rest_route=\/wp\/v2\/media\/1258"}],"wp:attachment":[{"href":"http:\/\/fulviocortese.it\/index.php?rest_route=%2Fwp%2Fv2%2Fmedia&parent=1247"}],"wp:term":[{"taxonomy":"category","embeddable":true,"href":"http:\/\/fulviocortese.it\/index.php?rest_route=%2Fwp%2Fv2%2Fcategories&post=1247"},{"taxonomy":"post_tag","embeddable":true,"href":"http:\/\/fulviocortese.it\/index.php?rest_route=%2Fwp%2Fv2%2Ftags&post=1247"}],"curies":[{"name":"wp","href":"https:\/\/api.w.org\/{rel}","templated":true}]}}